{"id":273127,"date":"2020-08-12T07:00:28","date_gmt":"2020-08-12T05:00:28","guid":{"rendered":"https:\/\/www.radioluna.it\/news\/?p=273127"},"modified":"2020-08-16T17:20:02","modified_gmt":"2020-08-16T15:20:02","slug":"giovanna-griffo-lastrofotografa-di-latina-di-cui-la-nasa-ha-condiviso-uno-scatto-spaziale","status":"publish","type":"post","link":"https:\/\/www.radioluna.it\/news\/2020\/08\/giovanna-griffo-lastrofotografa-di-latina-di-cui-la-nasa-ha-condiviso-uno-scatto-spaziale\/","title":{"rendered":"Giovanna Griffo, l&#8217;astrofotografa di Latina di cui la Nasa ha condiviso uno scatto &#8220;spaziale&#8221;"},"content":{"rendered":"<div id=\"fb-root\"><\/div>\n<p>(le foto di questo articolo sono @copyright Giovanna Griffo)<\/p>\n<p style=\"text-align: justify;\"><strong>LATINA<\/strong> &#8211; Qualche giorno fa una sua foto &#8220;cosmica&#8221;\u00a0 &#8211; in tutti i sensi &#8211;\u00a0 \u00e8 diventata virale sulla rete dopo che la Nasa ha deciso di condividerla. Ritrae Pitigliano, anche detta la piccola Gerusalemme, con una cometa in cielo: un presepe.<\/p>\n<p style=\"text-align: justify;\">La cosa, gi\u00e0 affascinante di per s\u00e9, ci ha interessato ancora di pi\u00f9 quando abbiamo scoperto che <strong>l&#8217;autrice \u00e8 Giovanna Griffo, geniale astrofotografa, che <\/strong>ha studiato al Liceo Scientifico Majorana di Latina. Si \u00e8 poi laureata in ingegneria informatica per decidere dopo 17 anni di cambiare vita e seguire il cuore: la fotografia.<\/p>\n<p style=\"text-align: justify;\">&#8220;<strong>Mi piace raccontare le cose incredibili che vedo e questa di Pitigliano era un&#8217;occasione che non mi potevo lasciar sfuggire.<\/strong> Avevo in mente il presepe e poich\u00e9 conoscevo questo posto bellissimo e c&#8217;era questa cometa visibile solo nel mese di luglio, ho provato a vedere se riuscivo a fotografarla. Quindi ho studiato l&#8217;angolazione, il luogo e ci ho provato, anche perch\u00e9 questa cometa sar\u00e0 di nuovo visibile fra 7000 anni&#8221;, racconta. Esperimento difficilissimo e perfettamente riuscito grazie alla fusione di 96 scatti realizzati in\u00a0 tre ore: &#8220;E&#8217; impossibile\u00a0 &#8211; spiega Giovanna Griffo &#8211; pensare di realizzare uno scatto del genere con una foto sola o magari con uno smarthphone&#8221;.<\/p>\n<p style=\"text-align: justify;\"><strong>COMETA ANCHE A LATINA<\/strong> &#8211;<strong> Tra le foto spettacolari di Giovanna, ce n&#8217;\u00e8 anche una, &#8220;impossibile&#8221;\u00a0 realizzata stavolta dal balcone di casa dove si \u00e8 allenata con le comete. <\/strong>Nell&#8217;immagine\u00a0 si vede <strong>il capoluogo pontino di notte e la luce brillante della Neowise<\/strong>. \u00a0<a href=\"http:\/\/Giovanna Griffo Fotografia e Corsi Extreme\">Guardare per credere.<\/a><\/p>\n<p style=\"text-align: justify;\">&#8220;Quella fatta a Latina \u00e8 una foto impossibile &#8211; racconta lei che \u00e8 pronta\u00a0 per una nuova avventura in Toscana a caccia di Perseidi &#8211; L&#8217;ho scattata dal balcone di casa mia, in pieno centro citt\u00e0 a Latina, con un inquinamento luminoso imbarazzante. Non \u00e8 un fotomontaggio, o una presa in giro. Ho voluto provare a fare uno stacking astrofotografico con 8 fotografie per cercare di tirare fuori il massimo del segnale, e poi ho utilizzato un software davvero potente per fare lo stacking che ha anche una funzione di abbattimento dell&#8217;inquinamento luminoso&#8221;.<\/p>\n<p style=\"text-align: justify;\"><strong>LE PERSEIDI &#8211; <\/strong>Una passione quella per la fotografia, coltivata sin da piccola, e che oggi racconta bene un preciso punto di vista sulla vita:<strong>\u00a0 &#8220;Ci tengo a dire a tutti, di sfruttare queste sere per rivolgere di pi\u00f9 gli occhi al cielo, perch\u00e9 guardiamo sempre a terra e invece c&#8217;\u00e8 cos\u00ec tanta bellezza appena un palmo sopra il nostro naso che vale la pena di non perdere lo spettacolo. E&#8217; una cosa che ci ricorda di mettere le cose nella giusta prospettiva, che siamo piccolini, ma proveniamo da quelle stelle e siamo fatti di esse, siamo piccoli, ma dentro di noi c&#8217;\u00e8 l&#8217;infinito e possiamo fare grandi cose&#8221;.\u00a0<\/strong><\/p>\n<p style=\"text-align: justify;\"><img loading=\"lazy\" decoding=\"async\" class=\"alignleft size-full wp-image-273142\" src=\"https:\/\/www.radioluna.it\/news\/wp-content\/uploads\/2020\/08\/giovanna-griffo-1.jpg\" alt=\"\" width=\"196\" height=\"257\" \/><strong>Questo \u00e8 il racconto\u00a0 di Giovanna e il suo consiglio per queste notti di stelle cadenti. Il picco sar\u00e0 proprio stasera\u00a0<\/strong><\/p>\n<p>&nbsp;<\/p>\n<p><strong>ASCOLTA<\/strong><\/p>\n<p>&nbsp;<\/p>\n<p>&nbsp;<\/p>\n<audio class=\"wp-audio-shortcode\" id=\"audio-273127-1\" preload=\"none\" style=\"width: 100%;\" controls=\"controls\"><source type=\"audio\/mpeg\" src=\"https:\/\/www.radioluna.it\/news\/wp-content\/uploads\/2020\/08\/giovanna-griffo-per-sito.mp3?_=1\" \/><a href=\"https:\/\/www.radioluna.it\/news\/wp-content\/uploads\/2020\/08\/giovanna-griffo-per-sito.mp3\">https:\/\/www.radioluna.it\/news\/wp-content\/uploads\/2020\/08\/giovanna-griffo-per-sito.mp3<\/a><\/audio>\n<p>&nbsp;<\/p>\n","protected":false},"excerpt":{"rendered":"<p>(le foto di questo articolo sono @copyright Giovanna Griffo) LATINA &#8211; Qualche giorno fa una sua foto &#8220;cosmica&#8221;\u00a0 &#8211; in tutti i sensi &#8211;\u00a0 \u00e8 diventata virale sulla rete dopo che la Nasa ha deciso di condividerla. Ritrae Pitigliano, anche detta la piccola Gerusalemme, con una cometa in cielo: un presepe. La cosa, gi\u00e0 affascinante [&hellip;]<\/p>\n","protected":false},"author":62,"featured_media":273130,"comment_status":"open","ping_status":"open","sticky":false,"template":"","format":"gallery","meta":{"footnotes":""},"categories":[735,2310,2311],"tags":[],"class_list":["post-273127","post","type-post","status-publish","format-gallery","has-post-thumbnail","hentry","category-attualita","category-audio","category-foto","post_format-post-format-gallery"],"_links":{"self":[{"href":"https:\/\/www.radioluna.it\/news\/wp-json\/wp\/v2\/posts\/273127","targetHints":{"allow":["GET"]}}],"collection":[{"href":"https:\/\/www.radioluna.it\/news\/wp-json\/wp\/v2\/posts"}],"about":[{"href":"https:\/\/www.radioluna.it\/news\/wp-json\/wp\/v2\/types\/post"}],"author":[{"embeddable":true,"href":"https:\/\/www.radioluna.it\/news\/wp-json\/wp\/v2\/users\/62"}],"replies":[{"embeddable":true,"href":"https:\/\/www.radioluna.it\/news\/wp-json\/wp\/v2\/comments?post=273127"}],"version-history":[{"count":0,"href":"https:\/\/www.radioluna.it\/news\/wp-json\/wp\/v2\/posts\/273127\/revisions"}],"wp:featuredmedia":[{"embeddable":true,"href":"https:\/\/www.radioluna.it\/news\/wp-json\/wp\/v2\/media\/273130"}],"wp:attachment":[{"href":"https:\/\/www.radioluna.it\/news\/wp-json\/wp\/v2\/media?parent=273127"}],"wp:term":[{"taxonomy":"category","embeddable":true,"href":"https:\/\/www.radioluna.it\/news\/wp-json\/wp\/v2\/categories?post=273127"},{"taxonomy":"post_tag","embeddable":true,"href":"https:\/\/www.radioluna.it\/news\/wp-json\/wp\/v2\/tags?post=273127"}],"curies":[{"name":"wp","href":"https:\/\/api.w.org\/{rel}","templated":true}]}}