{"id":273189,"date":"2020-08-13T08:26:39","date_gmt":"2020-08-13T06:26:39","guid":{"rendered":"https:\/\/www.radioluna.it\/news\/?p=273189"},"modified":"2020-08-17T05:11:48","modified_gmt":"2020-08-17T03:11:48","slug":"un-nuovo-nido-di-tartaruga-marina-sulla-spiaggia-di-calanave-a-ventotene","status":"publish","type":"post","link":"https:\/\/www.radioluna.it\/news\/2020\/08\/un-nuovo-nido-di-tartaruga-marina-sulla-spiaggia-di-calanave-a-ventotene\/","title":{"rendered":"Un nuovo nido di tartaruga marina sulla spiaggia di Calanave a Ventotene"},"content":{"rendered":"<div id=\"fb-root\"><\/div>\n<p style=\"text-align: justify;\"><strong>VENTOTENE &#8211;<\/strong> Era gi\u00e0 successo nell&#8217;estate del 2018, \u00e8 accaduto di nuovo. Una tartaruga marina ha deposto le uova a Calanave. A fare la scoperta \u00e8 stato un bambino, Luca, che giocava con la sabbia e ha trovato il Nido di Caretta Caretta. &#8220;Subito allertati i controlli si \u00e8 provveduto a mettere in sicurezza la sede del ritrovamento. Le uova ci sono&#8221;, assicurano dal Comune che vuole evitare danneggiamenti e ha fatto recintare il sito scelto per la riprodiuzione. Oggi ci sar\u00e0 un sopralluogo pi\u00f9 approfondito anche per determinare <span class=\"text_exposed_show\">lo stato di salute del nido. Arriveranno a Ventotene gli specialisti del centro specializzato per lo studio e\u00a0 il recupero delle Tartarughe Marine, Anthon Dohrn.<br \/>\n&#8220;\u00c8 una splendida notizia&#8221;. il commento del Comune.<\/span><\/p>\n<p>&nbsp;<\/p>\n","protected":false},"excerpt":{"rendered":"<p>VENTOTENE &#8211; Era gi\u00e0 successo nell&#8217;estate del 2018, \u00e8 accaduto di nuovo. Una tartaruga marina ha deposto le uova a Calanave. A fare la scoperta \u00e8 stato un bambino, Luca, che giocava con la sabbia e ha trovato il Nido di Caretta Caretta. &#8220;Subito allertati i controlli si \u00e8 provveduto a mettere in sicurezza la [&hellip;]<\/p>\n","protected":false},"author":62,"featured_media":273190,"comment_status":"open","ping_status":"open","sticky":false,"template":"","format":"standard","meta":{"footnotes":""},"categories":[12],"tags":[],"class_list":["post-273189","post","type-post","status-publish","format-standard","has-post-thumbnail","hentry","category-ambiente"],"_links":{"self":[{"href":"https:\/\/www.radioluna.it\/news\/wp-json\/wp\/v2\/posts\/273189","targetHints":{"allow":["GET"]}}],"collection":[{"href":"https:\/\/www.radioluna.it\/news\/wp-json\/wp\/v2\/posts"}],"about":[{"href":"https:\/\/www.radioluna.it\/news\/wp-json\/wp\/v2\/types\/post"}],"author":[{"embeddable":true,"href":"https:\/\/www.radioluna.it\/news\/wp-json\/wp\/v2\/users\/62"}],"replies":[{"embeddable":true,"href":"https:\/\/www.radioluna.it\/news\/wp-json\/wp\/v2\/comments?post=273189"}],"version-history":[{"count":0,"href":"https:\/\/www.radioluna.it\/news\/wp-json\/wp\/v2\/posts\/273189\/revisions"}],"wp:featuredmedia":[{"embeddable":true,"href":"https:\/\/www.radioluna.it\/news\/wp-json\/wp\/v2\/media\/273190"}],"wp:attachment":[{"href":"https:\/\/www.radioluna.it\/news\/wp-json\/wp\/v2\/media?parent=273189"}],"wp:term":[{"taxonomy":"category","embeddable":true,"href":"https:\/\/www.radioluna.it\/news\/wp-json\/wp\/v2\/categories?post=273189"},{"taxonomy":"post_tag","embeddable":true,"href":"https:\/\/www.radioluna.it\/news\/wp-json\/wp\/v2\/tags?post=273189"}],"curies":[{"name":"wp","href":"https:\/\/api.w.org\/{rel}","templated":true}]}}