{"id":273261,"date":"2020-08-14T12:13:24","date_gmt":"2020-08-14T10:13:24","guid":{"rendered":"https:\/\/www.radioluna.it\/news\/?p=273261"},"modified":"2020-08-14T12:13:24","modified_gmt":"2020-08-14T10:13:24","slug":"nuove-minacce-a-omizzolo-con-queste-agromafie-ci-stai-facendo-perdere-la-pazienza","status":"publish","type":"post","link":"https:\/\/www.radioluna.it\/news\/2020\/08\/nuove-minacce-a-omizzolo-con-queste-agromafie-ci-stai-facendo-perdere-la-pazienza\/","title":{"rendered":"Nuove minacce a Omizzolo: &#8220;Con queste agromafie ci stai facendo perdere la pazienza&#8221;"},"content":{"rendered":"<div id=\"fb-root\"><\/div>\n<p style=\"text-align: justify;\"><strong>SABAUDIA<\/strong> &#8211; Nuove minacce al sociologo di Sabaudia Marco Omizzolo, stavolta sono state telefoniche e sono arrivate questa mattina come ha raccontato lui stesso in un post su Facebook.<\/p>\n<p style=\"text-align: justify;\"><strong> &#8220;Qualcuno chiama alle 08.00 del mattino. Numero sconosciuto. Voce maschile e dialetto napoletano piuttosto marcato. Dice che devo smetterla di \u2018rompere i coglioni con le mafie<\/strong> e tutte queste cazzate perch\u00e9 ci stai facendo perdere la pazienza\u2019 (traduzione mia). Continua con altre minacce e accuse. Lo avverto (con toni e parole, devo dire la verit\u00e0, poco carine) che denuncer\u00f2 tutto alla polizia e che non mi faccio intimidire da nessuno. Lui dice \u2018nu mme ne fotte nu cazz\u2019 o qualcosa del genere. \u2018Allora se sei cos\u00ec coraggioso dimmi come ti chiami\u2019. Attacca subito dopo. Sono solo vigliacchi senza dignit\u00e0&#8221;, commenta l&#8217;apprezzato giornalista che con le sue <strong>inchieste ha fatto emergere uno spaccato di illegalit\u00e0 e di sfruttamento dei braccianti agricoli che \u00e8 stato base anche per importanti operazioni delle forze dell&#8217;ordine.<\/strong><\/p>\n<p style=\"text-align: justify;\"><strong>Immediato il tweet di solidariet\u00e0 a Omizzolo da parte del sindaco di Latina Damiano Coletta<\/strong>: &#8220;A nome della comunit\u00e0 di Latina esprimo tutta la mia solidariet\u00e0 a Marco #Omizzolo. Nessuno si deve sentire solo, nei propri ambiti, nella lotta contro la criminalit\u00e0 e le mafie. Forza Marco, siamo tutti con te!&#8221;<\/p>\n<p style=\"text-align: justify;\">Omizzolo che il Presidente della Repubblica Mattarella a nominato Cavaliere dell&#8217;Ordine al merito della Repubblica Italiana, \u00e8 autore di numerosi studi e ricerche condotte sul campo anche lavorando al fianco dei braccianti e di recente ha scritto i<strong>l libro Uomini, donne e caporali nell&#8217;agromafia italiana (ed Fondazione Giangiacomo Feltrinelli)<\/strong>.<\/p>\n","protected":false},"excerpt":{"rendered":"<p>SABAUDIA &#8211; Nuove minacce al sociologo di Sabaudia Marco Omizzolo, stavolta sono state telefoniche e sono arrivate questa mattina come ha raccontato lui stesso in un post su Facebook. &#8220;Qualcuno chiama alle 08.00 del mattino. Numero sconosciuto. Voce maschile e dialetto napoletano piuttosto marcato. Dice che devo smetterla di \u2018rompere i coglioni con le mafie [&hellip;]<\/p>\n","protected":false},"author":62,"featured_media":273263,"comment_status":"open","ping_status":"open","sticky":false,"template":"","format":"standard","meta":{"footnotes":""},"categories":[7],"tags":[],"class_list":["post-273261","post","type-post","status-publish","format-standard","has-post-thumbnail","hentry","category-cronaca"],"_links":{"self":[{"href":"https:\/\/www.radioluna.it\/news\/wp-json\/wp\/v2\/posts\/273261","targetHints":{"allow":["GET"]}}],"collection":[{"href":"https:\/\/www.radioluna.it\/news\/wp-json\/wp\/v2\/posts"}],"about":[{"href":"https:\/\/www.radioluna.it\/news\/wp-json\/wp\/v2\/types\/post"}],"author":[{"embeddable":true,"href":"https:\/\/www.radioluna.it\/news\/wp-json\/wp\/v2\/users\/62"}],"replies":[{"embeddable":true,"href":"https:\/\/www.radioluna.it\/news\/wp-json\/wp\/v2\/comments?post=273261"}],"version-history":[{"count":0,"href":"https:\/\/www.radioluna.it\/news\/wp-json\/wp\/v2\/posts\/273261\/revisions"}],"wp:featuredmedia":[{"embeddable":true,"href":"https:\/\/www.radioluna.it\/news\/wp-json\/wp\/v2\/media\/273263"}],"wp:attachment":[{"href":"https:\/\/www.radioluna.it\/news\/wp-json\/wp\/v2\/media?parent=273261"}],"wp:term":[{"taxonomy":"category","embeddable":true,"href":"https:\/\/www.radioluna.it\/news\/wp-json\/wp\/v2\/categories?post=273261"},{"taxonomy":"post_tag","embeddable":true,"href":"https:\/\/www.radioluna.it\/news\/wp-json\/wp\/v2\/tags?post=273261"}],"curies":[{"name":"wp","href":"https:\/\/api.w.org\/{rel}","templated":true}]}}