{"id":273781,"date":"2020-08-31T23:01:12","date_gmt":"2020-08-31T21:01:12","guid":{"rendered":"https:\/\/www.radioluna.it\/news\/?p=273781"},"modified":"2020-09-01T09:21:10","modified_gmt":"2020-09-01T07:21:10","slug":"scuola-il-presidente-della-provincia-di-latina-alla-regione-si-rinvii-lavvio-a-dopo-il-voto","status":"publish","type":"post","link":"https:\/\/www.radioluna.it\/news\/2020\/08\/scuola-il-presidente-della-provincia-di-latina-alla-regione-si-rinvii-lavvio-a-dopo-il-voto\/","title":{"rendered":"Scuola, il presidente della Provincia di Latina alla Regione: &#8220;Si rinvii l&#8217;apertura a dopo il voto&#8221;"},"content":{"rendered":"<div id=\"fb-root\"><\/div>\n<p style=\"text-align: justify;\"><strong>LATINA &#8211; Il presidente della Provincia Carlo Medici ha chiesto alla Regione di differire l\u2019inizio dell\u2019anno scolastico a data successiva allo svolgimento delle operazioni di voto referendario<\/strong> previste per il 20 e 21 settembre prossimi visto che molti istituti scolastici saranno sede dei seggi elettorali.<\/p>\n<p style=\"text-align: justify;\">In una lettera, indirizzata all\u2019assessore alla programmazione scolastica Claudio Di Berardino e per conoscenza al presidente Nicola Zingaretti, Medici sottolinea di parlare <strong>a nome dei sindaci della provincia pontina<\/strong> e spiega come <strong>la richiesta \u201cnon \u00e8 dettata da ritardi dei lavori per l\u2019adeguamento delle scuole<\/strong> che, grazie al grande sforzo profuso durante la pausa estiva, hanno faticosamente raggiunto gli standard richiesti dalla vigente normativa al fine di conseguire degli obiettivi dimensionali che le aule e gli spazi interni devono possedere perch\u00e9 siano definibili idonei. La presente richiesta &#8211; si legge ancora nella nota alla Regione che \u00e8 l\u2019ente competente a decidere sull\u2019inizio delle attivit\u00e0 scolastiche sul proprio territorio &#8211; <strong>\u00e8 invece ispirata da criteri di economicit\u00e0, trovando del tutto inopportuno dover effettuare doppie e costosissime operazioni di sanificazione<\/strong> a pochi giorni dalla riapertura delle attivit\u00e0 scolastiche. Chiediamo pertanto, il differimento dell\u2019inizio delle attivit\u00e0 scolastiche che, da quanto si apprende, \u00e8 tema di decisione in altre regioni di Italia prime tra tutte Puglia e Campania che riapriranno il 24 settembre\u201d.<\/p>\n<p style=\"text-align: justify;\">\u201cCrediamo che il differimento richiesto basato in primis sul criterio di economicit\u00e0 che deve connotare l\u2019azione amministrativa di ogni ente locale \u2013 sottolinea ancora il presidente Medici &#8211; possa garantire anche una migliore definizioni delle problematiche poste a corollario dell\u2019apertura delle attivit\u00e0 scolastiche come i temi gi\u00e0 indicati dei trasporti e del servizio mense e non solo\u201d.<\/p>\n<p>&nbsp;<\/p>\n<p>&nbsp;<\/p>\n","protected":false},"excerpt":{"rendered":"<p>LATINA &#8211; Il presidente della Provincia Carlo Medici ha chiesto alla Regione di differire l\u2019inizio dell\u2019anno scolastico a data successiva allo svolgimento delle operazioni di voto referendario previste per il 20 e 21 settembre prossimi visto che molti istituti scolastici saranno sede dei seggi elettorali. In una lettera, indirizzata all\u2019assessore alla programmazione scolastica Claudio Di [&hellip;]<\/p>\n","protected":false},"author":62,"featured_media":239224,"comment_status":"open","ping_status":"open","sticky":false,"template":"","format":"standard","meta":{"footnotes":""},"categories":[248],"tags":[],"class_list":["post-273781","post","type-post","status-publish","format-standard","has-post-thumbnail","hentry","category-istruzione"],"_links":{"self":[{"href":"https:\/\/www.radioluna.it\/news\/wp-json\/wp\/v2\/posts\/273781","targetHints":{"allow":["GET"]}}],"collection":[{"href":"https:\/\/www.radioluna.it\/news\/wp-json\/wp\/v2\/posts"}],"about":[{"href":"https:\/\/www.radioluna.it\/news\/wp-json\/wp\/v2\/types\/post"}],"author":[{"embeddable":true,"href":"https:\/\/www.radioluna.it\/news\/wp-json\/wp\/v2\/users\/62"}],"replies":[{"embeddable":true,"href":"https:\/\/www.radioluna.it\/news\/wp-json\/wp\/v2\/comments?post=273781"}],"version-history":[{"count":0,"href":"https:\/\/www.radioluna.it\/news\/wp-json\/wp\/v2\/posts\/273781\/revisions"}],"wp:featuredmedia":[{"embeddable":true,"href":"https:\/\/www.radioluna.it\/news\/wp-json\/wp\/v2\/media\/239224"}],"wp:attachment":[{"href":"https:\/\/www.radioluna.it\/news\/wp-json\/wp\/v2\/media?parent=273781"}],"wp:term":[{"taxonomy":"category","embeddable":true,"href":"https:\/\/www.radioluna.it\/news\/wp-json\/wp\/v2\/categories?post=273781"},{"taxonomy":"post_tag","embeddable":true,"href":"https:\/\/www.radioluna.it\/news\/wp-json\/wp\/v2\/tags?post=273781"}],"curies":[{"name":"wp","href":"https:\/\/api.w.org\/{rel}","templated":true}]}}