{"id":273789,"date":"2020-08-31T14:34:44","date_gmt":"2020-08-31T12:34:44","guid":{"rendered":"https:\/\/www.radioluna.it\/news\/?p=273789"},"modified":"2020-08-31T15:22:25","modified_gmt":"2020-08-31T13:22:25","slug":"carpineto-romano-saranno-celebrate-al-campo-sportivo-galeotti-le-esequie-di-lisa-briganti","status":"publish","type":"post","link":"https:\/\/www.radioluna.it\/news\/2020\/08\/carpineto-romano-saranno-celebrate-al-campo-sportivo-galeotti-le-esequie-di-lisa-briganti\/","title":{"rendered":"Carpineto Romano, saranno celebrate al campo sportivo Galeotti le esequie di Lisa Briganti"},"content":{"rendered":"<div id=\"fb-root\"><\/div>\n<p>Te ne sei andata<br \/>\ncon un soffio di vento.<\/p>\n<p>Eri bella,<br \/>\nLisa\u2026.. Amore mio!<\/p>\n<p style=\"text-align: justify;\">Sono le parole che aprono e chiudono la poesia condivisa su Facebook da Qurino Briganti, il pap\u00e0 di Lisa la giovane pallavolista, figlia del presidente della Compagnia dei Lepini, morta improvvisamente nel sonno venerd\u00ec scorso all&#8217;et\u00e0 di 16 anni. E&#8217; stata la famiglia a comunicare che le esequie saranno celebrate domani, marted\u00ec primo settembre, a Carpineto Romano.<\/p>\n<p style=\"text-align: justify;\">Sul corpo era stata disposta l&#8217;autopsia eseguita presso l&#8217;istituto di medicina legale di Tor Vergata. Alle 10 di domani \u00e8 previsto l&#8217;arrivo della salma in Piazza Regina Margherita e l&#8217;allestimento della camera ardente fino alle 13:30 nella chiesa Collegiata, poi alle 16 la cerimonia funebre al campo sportivo Galeotti per consentire ampia partecipazione. Chi prender\u00e0 parte alla cerimonia funebre dovr\u00e0 scrupolosamente osservare le norme di protezione anti covid: munirsi dunque di mascherina e osservare il distanziamento sociale.<\/p>\n<p style=\"text-align: justify;\">A Carpineto Romano, la cittadina in cui Lisa viveva e di cui il pap\u00e0 \u00e8 stato sindaco, domani sar\u00e0 lutto cittadino.<\/p>\n<p>Tutto il dolore per la perdita, nelle parole del pap\u00e0.<\/p>\n<p>Te ne sei andata<br \/>\ncon un soffio di vento.<\/p>\n<p>Il dolore immenso non \u00e8 niente:<\/p>\n<div class=\"text_exposed_show\">\n<p>di fronte al dramma<br \/>\ndi una giovane vita perduta;<br \/>\ndi fronte al sogno infranto<br \/>\ndi un futuro, ormai, spezzato.<\/p>\n<p>Eri bella,<br \/>\nLisa\u2026.. Amore mio!<\/p>\n<\/div>\n<p style=\"text-align: justify;\">\n","protected":false},"excerpt":{"rendered":"<p>Te ne sei andata con un soffio di vento. Eri bella, Lisa\u2026.. Amore mio! Sono le parole che aprono e chiudono la poesia condivisa su Facebook da Qurino Briganti, il pap\u00e0 di Lisa la giovane pallavolista, figlia del presidente della Compagnia dei Lepini, morta improvvisamente nel sonno venerd\u00ec scorso all&#8217;et\u00e0 di 16 anni. E&#8217; stata [&hellip;]<\/p>\n","protected":false},"author":62,"featured_media":273668,"comment_status":"open","ping_status":"open","sticky":false,"template":"","format":"standard","meta":{"footnotes":""},"categories":[7],"tags":[],"class_list":["post-273789","post","type-post","status-publish","format-standard","has-post-thumbnail","hentry","category-cronaca"],"_links":{"self":[{"href":"https:\/\/www.radioluna.it\/news\/wp-json\/wp\/v2\/posts\/273789","targetHints":{"allow":["GET"]}}],"collection":[{"href":"https:\/\/www.radioluna.it\/news\/wp-json\/wp\/v2\/posts"}],"about":[{"href":"https:\/\/www.radioluna.it\/news\/wp-json\/wp\/v2\/types\/post"}],"author":[{"embeddable":true,"href":"https:\/\/www.radioluna.it\/news\/wp-json\/wp\/v2\/users\/62"}],"replies":[{"embeddable":true,"href":"https:\/\/www.radioluna.it\/news\/wp-json\/wp\/v2\/comments?post=273789"}],"version-history":[{"count":0,"href":"https:\/\/www.radioluna.it\/news\/wp-json\/wp\/v2\/posts\/273789\/revisions"}],"wp:featuredmedia":[{"embeddable":true,"href":"https:\/\/www.radioluna.it\/news\/wp-json\/wp\/v2\/media\/273668"}],"wp:attachment":[{"href":"https:\/\/www.radioluna.it\/news\/wp-json\/wp\/v2\/media?parent=273789"}],"wp:term":[{"taxonomy":"category","embeddable":true,"href":"https:\/\/www.radioluna.it\/news\/wp-json\/wp\/v2\/categories?post=273789"},{"taxonomy":"post_tag","embeddable":true,"href":"https:\/\/www.radioluna.it\/news\/wp-json\/wp\/v2\/tags?post=273789"}],"curies":[{"name":"wp","href":"https:\/\/api.w.org\/{rel}","templated":true}]}}