{"id":273798,"date":"2020-08-31T15:41:16","date_gmt":"2020-08-31T13:41:16","guid":{"rendered":"https:\/\/www.radioluna.it\/news\/?p=273798"},"modified":"2020-08-31T18:11:03","modified_gmt":"2020-08-31T16:11:03","slug":"covid-19-sette-nuovi-casi-in-provincia-di-latina","status":"publish","type":"post","link":"https:\/\/www.radioluna.it\/news\/2020\/08\/covid-19-sette-nuovi-casi-in-provincia-di-latina\/","title":{"rendered":"Covid-19, otto nuovi casi in provincia di Latina. Contagiata famiglia a Minturno"},"content":{"rendered":"<div id=\"fb-root\"><\/div>\n<p style=\"text-align: justify;\"><strong>LATINA &#8211; Due casi a Latina, due ad Aprilia, altrettanti a Cori e uno a Terracina. Sono i nuovi contagi da Covid-19 registrati dalla Asl di Latina (di questi due con link dalle Marche e uno dalla Romania);<\/strong> rilevato anche il contagio di un uomo residente a Minturno notificato dall&#8217;ospedale di Avellino dove il paziente si era recato per i sintomi. Dopo di lui \u00e8 stata scoperta la positivit\u00e0 della moglie e della figlia della coppia, una piccola di 11 mesi ora ricoverata al Bambino Ges\u00f9 di Roma. L&#8217;uomo a Minturno gestisce uno stabilimento balneare ora chiuso per sanificazione.<\/p>\n<p style=\"text-align: justify;\">Il totale riportato nel bollettino della Asl non comprende ancora questi ultimi casi e riporta di 196 positivi attualmente attivi, di cui la maggior parte trattati a casa: 159 contro i 37 ricoverati. <strong>Cinquanta sono i casi registrati solo tra venerd\u00ec e oggi<\/strong>, un numero che preoccupa e che ha spinto le autorit\u00e0 sanitarie a rinnovare l&#8217;appello ricolto alla popolazione e in particolare ai giovani a non &#8220;abbassare il livello di attenzione nel contrasto alla pandemia, rispettando rigorosamente le prescrizioni in ordine al divieto di assembramento, alla<br \/>\nmobilit\u00e0 delle persone, al frequente e corretto lavaggio delle mani, all\u2019utilizzo delle<br \/>\nmascherine e al rispetto delle distanze minime di sicurezza&#8221;<\/p>\n<p style=\"text-align: justify;\"><strong>AD APRILIA<\/strong> &#8211; Preoccupano i<strong> 7 nuovi casi di positivit\u00e0 registrati nel week-end solo ad Aprilia<\/strong> con \u00a0un incremento delle persone<strong> in isolamento presso strutture sanitarie (+6) o a casa (+44).<\/strong> Sono questi i dati che destano preoccupazione, proprio nei giorni in cui si susseguono presso il Comune di Aprilia le riunioni con i dirigenti scolastici degli istituti cittadini, <strong>per l\u2019avvio del nuovo anno scolastico.<\/strong><\/p>\n<p style=\"text-align: justify;\">\u201cSiamo di fronte ad un dato che ci riporta indietro di mesi \u2013<strong> commenta il Sindaco Antonio Terra<\/strong> \u2013 \u00e8 chiaro che da marzo ad oggi \u00e8 cambiato il quadro generale: la preparazione delle nostre strutture sanitarie, il numero dei tamponi, il tipo di persone che oggi contraggono il virus. Scorrendo l\u2019et\u00e0 dei nuovi casi di positivit\u00e0, si riscontra una netta prevalenza oggi di giovani e asintomatici. \u00c8 proprio per questo che mi sento di fare un appello soprattutto ai ragazzi che rientrano dalle vacanze: \u00e8 importante avere la massima prudenza, evitare o limitare le occasioni di incontro con parenti e amici, una volta tornati ad Aprilia, rispettare le norme di distanziamento fisico e utilizzare i dispositivi di protezione delle vie aeree. Il rischio di un ritorno a quel che \u00e8 accaduto solo qualche mese fa \u00e8 reale e serve ancora una volta la collaborazione di tutti\u201d.<\/p>\n<p style=\"text-align: justify;\"><strong>NEL LAZIO<\/strong> &#8211; Su oltre 13 mila tamponi oggi nel Lazio si registrano 148 casi di questi 75 sono a Roma e zero decessi. Si conferma una prevalenza dei casi di rientro (circa 44%) e calano i casi con link dalla Sardegna (circa 34%).<\/p>\n","protected":false},"excerpt":{"rendered":"<p>LATINA &#8211; Due casi a Latina, due ad Aprilia, altrettanti a Cori e uno a Terracina. Sono i nuovi contagi da Covid-19 registrati dalla Asl di Latina (di questi due con link dalle Marche e uno dalla Romania); rilevato anche il contagio di un uomo residente a Minturno notificato dall&#8217;ospedale di Avellino dove il paziente [&hellip;]<\/p>\n","protected":false},"author":62,"featured_media":273799,"comment_status":"open","ping_status":"open","sticky":false,"template":"","format":"standard","meta":{"footnotes":""},"categories":[2616],"tags":[],"class_list":["post-273798","post","type-post","status-publish","format-standard","has-post-thumbnail","hentry","category-sanita"],"_links":{"self":[{"href":"https:\/\/www.radioluna.it\/news\/wp-json\/wp\/v2\/posts\/273798","targetHints":{"allow":["GET"]}}],"collection":[{"href":"https:\/\/www.radioluna.it\/news\/wp-json\/wp\/v2\/posts"}],"about":[{"href":"https:\/\/www.radioluna.it\/news\/wp-json\/wp\/v2\/types\/post"}],"author":[{"embeddable":true,"href":"https:\/\/www.radioluna.it\/news\/wp-json\/wp\/v2\/users\/62"}],"replies":[{"embeddable":true,"href":"https:\/\/www.radioluna.it\/news\/wp-json\/wp\/v2\/comments?post=273798"}],"version-history":[{"count":0,"href":"https:\/\/www.radioluna.it\/news\/wp-json\/wp\/v2\/posts\/273798\/revisions"}],"wp:featuredmedia":[{"embeddable":true,"href":"https:\/\/www.radioluna.it\/news\/wp-json\/wp\/v2\/media\/273799"}],"wp:attachment":[{"href":"https:\/\/www.radioluna.it\/news\/wp-json\/wp\/v2\/media?parent=273798"}],"wp:term":[{"taxonomy":"category","embeddable":true,"href":"https:\/\/www.radioluna.it\/news\/wp-json\/wp\/v2\/categories?post=273798"},{"taxonomy":"post_tag","embeddable":true,"href":"https:\/\/www.radioluna.it\/news\/wp-json\/wp\/v2\/tags?post=273798"}],"curies":[{"name":"wp","href":"https:\/\/api.w.org\/{rel}","templated":true}]}}