{"id":273864,"date":"2020-09-01T09:42:12","date_gmt":"2020-09-01T07:42:12","guid":{"rendered":"https:\/\/www.radioluna.it\/news\/?p=273864"},"modified":"2020-09-01T09:42:12","modified_gmt":"2020-09-01T07:42:12","slug":"la-scuola-riparte-il-messaggio-del-sindaco-coletta-e-dellassessore-proietti","status":"publish","type":"post","link":"https:\/\/www.radioluna.it\/news\/2020\/09\/la-scuola-riparte-il-messaggio-del-sindaco-coletta-e-dellassessore-proietti\/","title":{"rendered":"La scuola riparte, il messaggio del Sindaco Coletta e dell\u2019Assessore Proietti"},"content":{"rendered":"<div id=\"fb-root\"><\/div>\n<p style=\"text-align: justify;\"><strong>LATINA\u00a0<\/strong> &#8211; Oggi \u00e8 il primo settembre, giorno in cui docenti e il personale della scuola dopo circa 6 mesi rientreranno in servizio in presenza. In una lettera aperta al mondo della scuola si rivolgono il sindaco di Latina Damiano Coletta e l&#8217;assessore al ramo Gianmarco Proietti per augurare un buon inizio d&#8217;anno scolastico. &#8220;Siamo assolutamente consapevoli e testimoni che il lavoro nelle scuole non si sia mai fermato, il rientro in presenza, tutti insieme, rappresenta oggi non solo una sfida, perch\u00e9 inevitabilmente carico di rischi, ma anche una grande opportunit\u00e0.<br \/>\nVogliamo ringraziare tutti i docenti e il personale per il coraggio e la forza d\u2019animo con cui rientreranno a scuola per garantire ai giovani quel diritto allo studio che la pandemia aveva limitato e assicurare loro la presenza e la vicinanza dell\u2019Amministrazione comunale. Il lavoro dell\u2019insegnante \u00e8 un lavoro nobile, spesso non riconosciuto nella sua complessit\u00e0 e importanza, ma quanto mai fondamentale. E questa pandemia lo ha reso evidente a tutta la societ\u00e0&#8221;.<br \/>\n<strong>PENSIONAMENTI<\/strong> &#8211; Ringraziando\u00a0 i Dirigenti scolastici che hanno lavorato per il rientro &#8220;caricandosi di enormi responsabilit\u00e0&#8221;, sindaco e assessore rivolgono &#8220;un\u00a0 ringraziamento particolare va a coloro che dopo una vita di servizio per i giovani, vanno in pensione : Marina Aramini, Giovanna Bellardini, Walter Marra, Stella Fioccola. Grazie, a nome di una intera comunit\u00e0 cittadina&#8221; dando il benvenuto ai nuovi Dirigenti scolastici e ai nuovi docenti in ruolo. &#8220;A tutti diciamo, senza alcuna retorica, che chiaramente non sar\u00e0 un anno facile, atteso come \u00e8 a svolgersi in un contesto complesso e caratterizzato da incertezze. Ad ogni modo agiremo come comunit\u00e0 educante, insieme: noi siamo e saremo al vostro fianco&#8221;, concludono Coletta e Proietti.<\/p>\n<p>&nbsp;<\/p>\n","protected":false},"excerpt":{"rendered":"<p>LATINA\u00a0 &#8211; Oggi \u00e8 il primo settembre, giorno in cui docenti e il personale della scuola dopo circa 6 mesi rientreranno in servizio in presenza. In una lettera aperta al mondo della scuola si rivolgono il sindaco di Latina Damiano Coletta e l&#8217;assessore al ramo Gianmarco Proietti per augurare un buon inizio d&#8217;anno scolastico. &#8220;Siamo [&hellip;]<\/p>\n","protected":false},"author":62,"featured_media":262141,"comment_status":"open","ping_status":"open","sticky":false,"template":"","format":"standard","meta":{"footnotes":""},"categories":[2403,248],"tags":[],"class_list":["post-273864","post","type-post","status-publish","format-standard","has-post-thumbnail","hentry","category-le-cose-in-comune","category-istruzione"],"_links":{"self":[{"href":"https:\/\/www.radioluna.it\/news\/wp-json\/wp\/v2\/posts\/273864","targetHints":{"allow":["GET"]}}],"collection":[{"href":"https:\/\/www.radioluna.it\/news\/wp-json\/wp\/v2\/posts"}],"about":[{"href":"https:\/\/www.radioluna.it\/news\/wp-json\/wp\/v2\/types\/post"}],"author":[{"embeddable":true,"href":"https:\/\/www.radioluna.it\/news\/wp-json\/wp\/v2\/users\/62"}],"replies":[{"embeddable":true,"href":"https:\/\/www.radioluna.it\/news\/wp-json\/wp\/v2\/comments?post=273864"}],"version-history":[{"count":0,"href":"https:\/\/www.radioluna.it\/news\/wp-json\/wp\/v2\/posts\/273864\/revisions"}],"wp:featuredmedia":[{"embeddable":true,"href":"https:\/\/www.radioluna.it\/news\/wp-json\/wp\/v2\/media\/262141"}],"wp:attachment":[{"href":"https:\/\/www.radioluna.it\/news\/wp-json\/wp\/v2\/media?parent=273864"}],"wp:term":[{"taxonomy":"category","embeddable":true,"href":"https:\/\/www.radioluna.it\/news\/wp-json\/wp\/v2\/categories?post=273864"},{"taxonomy":"post_tag","embeddable":true,"href":"https:\/\/www.radioluna.it\/news\/wp-json\/wp\/v2\/tags?post=273864"}],"curies":[{"name":"wp","href":"https:\/\/api.w.org\/{rel}","templated":true}]}}