{"id":273906,"date":"2020-09-01T14:38:41","date_gmt":"2020-09-01T12:38:41","guid":{"rendered":"https:\/\/www.radioluna.it\/news\/?p=273906"},"modified":"2020-09-01T14:38:41","modified_gmt":"2020-09-01T12:38:41","slug":"per-la-top-volley-cisterna-i-test-match-contro-perugia-e-civitanova","status":"publish","type":"post","link":"https:\/\/www.radioluna.it\/news\/2020\/09\/per-la-top-volley-cisterna-i-test-match-contro-perugia-e-civitanova\/","title":{"rendered":"Per la Top Volley Cisterna i test-match contro Perugia e Civitanova"},"content":{"rendered":"<div id=\"fb-root\"><\/div>\n<p style=\"text-align: justify;\"><strong>CISTERNA<\/strong> &#8211; Ottava settimana di preparazione e conto alla rovescia per il debutto stagionale della Top Volley Cisterna nella Del Monte Coppa Italia. I pontini guidati da coach Lorenzo Tubertini scenderanno in campo per il primo match ufficiale della stagione domenica 13 settembre (alle 18:00) in occasione degli ottavi di finale della manifestazione tricolore in casa del Gas Sales Bluenergy Piacenza. Prima dell\u2019esordio per\u00f2 Top Volley disputer\u00e0 due test match (a porte chiuse e nel rispetto dei protocolli Covid) per valutare i progressi della preparazione e crescere ancora nel ritmo di gara: gioved\u00ec 3 settembre la Top Volley sar\u00e0 impegnata al Pala Barton di Pian di Massiano (Perugia) in casa della Sir Safety Conad Perugia di Atanasijevic e compagni, mentre il giorno successivo i pontini saranno all\u2019Eurosuole Forum ospiti della Cucine Lube Civitanova di coach Fef\u00e8 De Giorgi contro Juantorena, De Cecco e Leal.<\/p>\n<p style=\"text-align: justify;\">\u00abIn questo periodo dovremo sfruttare al meglio gli allenamenti congiunti che abbiamo a disposizione e quelle con Perugia e Civitanova saranno due occasioni utili, direi quasi indispensabili, per testare primi i ritmi di gioco che in allenamento non si possono riprodurre &#8211; spiega il coach Lorenzo Tubertini &#8211; In questo periodo tutte le squadre stanno giocando molto, noi stiamo portando avanti il nostro lavoro in palestra con gli allenamenti, il livello di lavoro \u00e8 buono ma ovviamente i test sono molto importanti per valutare quello che abbiamo fatto finora. Sono due occasioni di assoluto livello che ci chiederanno di innalzare immediatamente il nostro ritmo di gioco: ci avviciniamo al 13 settembre dopo un periodo di inattivit\u00e0 agonistica e la Coppa Italia sar\u00e0 per noi un punto zero, ma allo stesso tempo un momento molto importante per l\u2019inizio del nostro cammino. Sono ancora tante le cose che dobbiamo scoprire di questo gruppo rinnovato ma queste le vedremo partita dopo partita\u00bb.<\/p>\n<p style=\"text-align: justify;\">Per quanto riguarda la Coppa, dopo la trasferta di Piacenza, arriver\u00e0 anche il debutto casalingo nel palazzetto dello sport di via delle Province domenica 20 settembre (alle 18) per concludere il \u2018gironcino\u2019 di Coppa con il turno infrasettimanale di mercoled\u00ec 23 settembre (20:30) a Padova. Le prime due di questo mini-girone raggiungeranno le altre quattro gi\u00e0 qualificate ai quarti di finale la cui griglia verr\u00e0 decisa in base alla classifica al termine del girone di andata della regular season di Superlega.<\/p>\n<p style=\"text-align: justify;\">\u00abLa preparazione sta andando come da programma, in continua progressione sia tecnica sia fisica e la cosa molto positiva \u00e8 che iniziano a sentire l\u2019odore del primo match ufficiale, cos\u00ec anche l\u2019attenzione ai particolari \u00e8 cresciuta molto\u00bb assicura Mimmo Cavaccini, il libero salernitano della Top Volley. Oltre agli allenamenti congiunti il programma di allenamento con la squadra procede con gli allenamenti di tecnica nel palazzetto dello sport di via delle Province a Cisterna di Latina e sedute di allenamento nella palestra pesi.<\/p>\n","protected":false},"excerpt":{"rendered":"<p>CISTERNA &#8211; Ottava settimana di preparazione e conto alla rovescia per il debutto stagionale della Top Volley Cisterna nella Del Monte Coppa Italia. I pontini guidati da coach Lorenzo Tubertini scenderanno in campo per il primo match ufficiale della stagione domenica 13 settembre (alle 18:00) in occasione degli ottavi di finale della manifestazione tricolore in [&hellip;]<\/p>\n","protected":false},"author":5430,"featured_media":0,"comment_status":"open","ping_status":"open","sticky":false,"template":"","format":"standard","meta":{"footnotes":""},"categories":[17],"tags":[],"class_list":["post-273906","post","type-post","status-publish","format-standard","hentry","category-sport"],"_links":{"self":[{"href":"https:\/\/www.radioluna.it\/news\/wp-json\/wp\/v2\/posts\/273906","targetHints":{"allow":["GET"]}}],"collection":[{"href":"https:\/\/www.radioluna.it\/news\/wp-json\/wp\/v2\/posts"}],"about":[{"href":"https:\/\/www.radioluna.it\/news\/wp-json\/wp\/v2\/types\/post"}],"author":[{"embeddable":true,"href":"https:\/\/www.radioluna.it\/news\/wp-json\/wp\/v2\/users\/5430"}],"replies":[{"embeddable":true,"href":"https:\/\/www.radioluna.it\/news\/wp-json\/wp\/v2\/comments?post=273906"}],"version-history":[{"count":0,"href":"https:\/\/www.radioluna.it\/news\/wp-json\/wp\/v2\/posts\/273906\/revisions"}],"wp:attachment":[{"href":"https:\/\/www.radioluna.it\/news\/wp-json\/wp\/v2\/media?parent=273906"}],"wp:term":[{"taxonomy":"category","embeddable":true,"href":"https:\/\/www.radioluna.it\/news\/wp-json\/wp\/v2\/categories?post=273906"},{"taxonomy":"post_tag","embeddable":true,"href":"https:\/\/www.radioluna.it\/news\/wp-json\/wp\/v2\/tags?post=273906"}],"curies":[{"name":"wp","href":"https:\/\/api.w.org\/{rel}","templated":true}]}}