{"id":273919,"date":"2020-09-01T17:29:00","date_gmt":"2020-09-01T15:29:00","guid":{"rendered":"https:\/\/www.radioluna.it\/news\/?p=273919"},"modified":"2020-09-04T13:24:37","modified_gmt":"2020-09-04T11:24:37","slug":"giorgia-meloni-a-terracina-mercoledi-sera-allo-stadio-della-vittoria","status":"publish","type":"post","link":"https:\/\/www.radioluna.it\/news\/2020\/09\/giorgia-meloni-a-terracina-mercoledi-sera-allo-stadio-della-vittoria\/","title":{"rendered":"Giorgia Meloni a Terracina mercoled\u00ec sera allo stadio della Vittoria"},"content":{"rendered":"<div id=\"fb-root\"><\/div>\n<p style=\"text-align: justify;\"><strong>TERRACINA &#8211;<\/strong> \u00c8 confermato per domani sera, mercoled\u00ec, alle ore 20.00 l\u2019intervento di Giorgia Meloni a Terracina, all\u2019interno dello Stadio della Vittoria, in via Cesare Battisti a Borgo Hermada. Si tratta dell\u2019unico intervento pubblico di Giorgia Meloni nel Lazio e uno dei pochi a livello nazionale insieme alle tappe nelle regioni al voto. Il presidente nazionale di Fratelli d\u2019Italia sar\u00e0 presente nel territorio pontino a sostegno del primo candidato sindaco donna della storia della citt\u00e0 di Terracina roberta Tintari. Non \u00e8 invece prevista la presenza di Giorgia Meloni a Fondi. \u201cRingrazio Giorgia Meloni per la sua disponibilit\u00e0 nel confermare l\u2019appuntamento di Terracina, che non era scontato, visti gli impegni stringenti per la campagna elettorale per le Regionali, dove si gioca una partita importantissima per le conseguenze che queste potranno avere sul piano nazionale &#8211; dichiara il senatore e coordinatore provinciale di Fratelli d\u2019Italia Latina Nicola Calandrini -. E ringrazio anche Giulio Mastrobattista che ha avuto la lungimiranza di chiedere alla nostra leader di rinunciare all\u2019appuntamento di Fondi, a seguito delle polemiche dei giorni scorsi. Auspico che adesso tutti tornino a parlare di programmi, mettendo da parte ogni tentativo di uso distorto dei fatti\u201d. \u201cComprendo il dolore della scelta compiuta da Giulio di rinunciare alla presenza di Giorgia Meloni, per evitare a lei e a Fratelli d\u2019Italia di vedere rinfocolate le ignobili strumentalizzazioni che hanno fatto del profilo Twitter del candidato di una delle liste civiche, ritratto in pose assurde, un caso nazionale &#8211; afferma l\u2019europarlamentare Nicola Procaccini -. So che Giorgia ha molto appezzato la scelta dell\u2019avvocato Mastrobattista e, a maggior ragione, credo sar\u00e0 ancora pi\u00f9 bello quando verr\u00e0 a Fondi per celebrare la vittoria di Giulio o a supporto nell\u2019eventuale ballottaggio\u201d.<\/p>\n<p style=\"text-align: justify;\">\u201cGiulio Mastrobattista ha compiuto una scelta di responsabilit\u00e0 che ci conferma l\u2019eccellente qualit\u00e0 del nostro candidato sindaco, in risposta a quanti in questi giorni stanno attaccando lui e Fratelli d\u2019Italia &#8211; conclude il vice portavoce regionale Enrico Tiero -. Siamo certi che la visita di Giorgia Meloni a Fondi \u00e8 solo rimandata a quando insieme festeggeremo il successo di Fratelli d\u2019Italia a Fondi e Terracina\u201d.<br \/>\nL\u2019incontro di Terracina avviene nel pieno rispetto della normativa Covid e al riguardo \u00e8 previsto l\u2019ingresso del pubblico allo stadio a partire dalle ore 19.30.<\/p>\n","protected":false},"excerpt":{"rendered":"<p>TERRACINA &#8211; \u00c8 confermato per domani sera, mercoled\u00ec, alle ore 20.00 l\u2019intervento di Giorgia Meloni a Terracina, all\u2019interno dello Stadio della Vittoria, in via Cesare Battisti a Borgo Hermada. Si tratta dell\u2019unico intervento pubblico di Giorgia Meloni nel Lazio e uno dei pochi a livello nazionale insieme alle tappe nelle regioni al voto. Il presidente [&hellip;]<\/p>\n","protected":false},"author":60,"featured_media":215563,"comment_status":"open","ping_status":"open","sticky":false,"template":"","format":"standard","meta":{"footnotes":""},"categories":[8],"tags":[],"class_list":["post-273919","post","type-post","status-publish","format-standard","has-post-thumbnail","hentry","category-politica"],"_links":{"self":[{"href":"https:\/\/www.radioluna.it\/news\/wp-json\/wp\/v2\/posts\/273919","targetHints":{"allow":["GET"]}}],"collection":[{"href":"https:\/\/www.radioluna.it\/news\/wp-json\/wp\/v2\/posts"}],"about":[{"href":"https:\/\/www.radioluna.it\/news\/wp-json\/wp\/v2\/types\/post"}],"author":[{"embeddable":true,"href":"https:\/\/www.radioluna.it\/news\/wp-json\/wp\/v2\/users\/60"}],"replies":[{"embeddable":true,"href":"https:\/\/www.radioluna.it\/news\/wp-json\/wp\/v2\/comments?post=273919"}],"version-history":[{"count":0,"href":"https:\/\/www.radioluna.it\/news\/wp-json\/wp\/v2\/posts\/273919\/revisions"}],"wp:featuredmedia":[{"embeddable":true,"href":"https:\/\/www.radioluna.it\/news\/wp-json\/wp\/v2\/media\/215563"}],"wp:attachment":[{"href":"https:\/\/www.radioluna.it\/news\/wp-json\/wp\/v2\/media?parent=273919"}],"wp:term":[{"taxonomy":"category","embeddable":true,"href":"https:\/\/www.radioluna.it\/news\/wp-json\/wp\/v2\/categories?post=273919"},{"taxonomy":"post_tag","embeddable":true,"href":"https:\/\/www.radioluna.it\/news\/wp-json\/wp\/v2\/tags?post=273919"}],"curies":[{"name":"wp","href":"https:\/\/api.w.org\/{rel}","templated":true}]}}