{"id":273984,"date":"2020-09-02T16:27:05","date_gmt":"2020-09-02T14:27:05","guid":{"rendered":"https:\/\/www.radioluna.it\/news\/?p=273984"},"modified":"2020-09-04T13:27:00","modified_gmt":"2020-09-04T11:27:00","slug":"addio-a-carlo-carniel-fu-consigliere-comunale-di-latina-nel-1993","status":"publish","type":"post","link":"https:\/\/www.radioluna.it\/news\/2020\/09\/addio-a-carlo-carniel-fu-consigliere-comunale-di-latina-nel-1993\/","title":{"rendered":"Addio a Carlo Carniel, fu consigliere comunale di Latina nel 1993"},"content":{"rendered":"<div id=\"fb-root\"><\/div>\n<p style=\"text-align: justify;\"><strong>LATINA &#8211;<\/strong> Arriva con una nota del&#8217;ex sindaco Vincenzo Zaccheo firmata con il collega di partito Salvatore De Monaco, la notizia della scomparsa di Carlo Carnierl, ex consigliere comunale dell&#8217;Msi a Latina, eletto nel 1993 all&#8217;epoca della prima amministrazione Finestra.<\/p>\n<p style=\"text-align: justify;\">&#8220;Un uomo di grande valore, simpatia e umanit\u00e0: impegnato nella vita sociale di Borgo Carso, imprenditore agricolo e florovivaistico, era stato anche elicotterista della Guardia di Finanza. Una grave perdita per tutta la comunit\u00e0 della Destra della nostra citt\u00e0. Anche grazie al suo contributo, alla sua disponibilit\u00e0 e al suo impegno con l&#8217;Msi nel 1993 riuscimmo ad eleggere per la prima volta un sindaco di Destra nella nostra citt\u00e0. Una grande perdita per tutti noi che abbiamo avuto il piacere e l&#8217;onore di conoscerlo&#8221;, commentano Zaccheo e De Monaco.<\/p>\n<p>Carnierl lascia la moglie Paola.<\/p>\n<p>&nbsp;<\/p>\n","protected":false},"excerpt":{"rendered":"<p>LATINA &#8211; Arriva con una nota del&#8217;ex sindaco Vincenzo Zaccheo firmata con il collega di partito Salvatore De Monaco, la notizia della scomparsa di Carlo Carnierl, ex consigliere comunale dell&#8217;Msi a Latina, eletto nel 1993 all&#8217;epoca della prima amministrazione Finestra. &#8220;Un uomo di grande valore, simpatia e umanit\u00e0: impegnato nella vita sociale di Borgo Carso, [&hellip;]<\/p>\n","protected":false},"author":60,"featured_media":273989,"comment_status":"open","ping_status":"open","sticky":false,"template":"","format":"standard","meta":{"footnotes":""},"categories":[7],"tags":[],"class_list":["post-273984","post","type-post","status-publish","format-standard","has-post-thumbnail","hentry","category-cronaca"],"_links":{"self":[{"href":"https:\/\/www.radioluna.it\/news\/wp-json\/wp\/v2\/posts\/273984","targetHints":{"allow":["GET"]}}],"collection":[{"href":"https:\/\/www.radioluna.it\/news\/wp-json\/wp\/v2\/posts"}],"about":[{"href":"https:\/\/www.radioluna.it\/news\/wp-json\/wp\/v2\/types\/post"}],"author":[{"embeddable":true,"href":"https:\/\/www.radioluna.it\/news\/wp-json\/wp\/v2\/users\/60"}],"replies":[{"embeddable":true,"href":"https:\/\/www.radioluna.it\/news\/wp-json\/wp\/v2\/comments?post=273984"}],"version-history":[{"count":0,"href":"https:\/\/www.radioluna.it\/news\/wp-json\/wp\/v2\/posts\/273984\/revisions"}],"wp:featuredmedia":[{"embeddable":true,"href":"https:\/\/www.radioluna.it\/news\/wp-json\/wp\/v2\/media\/273989"}],"wp:attachment":[{"href":"https:\/\/www.radioluna.it\/news\/wp-json\/wp\/v2\/media?parent=273984"}],"wp:term":[{"taxonomy":"category","embeddable":true,"href":"https:\/\/www.radioluna.it\/news\/wp-json\/wp\/v2\/categories?post=273984"},{"taxonomy":"post_tag","embeddable":true,"href":"https:\/\/www.radioluna.it\/news\/wp-json\/wp\/v2\/tags?post=273984"}],"curies":[{"name":"wp","href":"https:\/\/api.w.org\/{rel}","templated":true}]}}