{"id":274035,"date":"2020-09-03T13:25:56","date_gmt":"2020-09-03T11:25:56","guid":{"rendered":"https:\/\/www.radioluna.it\/news\/?p=274035"},"modified":"2020-09-03T13:25:56","modified_gmt":"2020-09-03T11:25:56","slug":"addio-a-luigi-farina-pioniere-della-cardiologia-al-goretti","status":"publish","type":"post","link":"https:\/\/www.radioluna.it\/news\/2020\/09\/addio-a-luigi-farina-pioniere-della-cardiologia-al-goretti\/","title":{"rendered":"Addio a Luigi Farina pioniere della cardiologia al Goretti"},"content":{"rendered":"<div id=\"fb-root\"><\/div>\n<p style=\"text-align: justify;\"><strong>LATINA &#8211;<\/strong> Si \u00e8 spento il cardiologo di Latina Luigi Farina. &#8220;Apprendo con estremo dispiacere della scomparsa del Dott. Luigi Farina, pioniere della Cardiologia dell\u2019ospedale civile Santa Maria Goretti. Lo ricordo con grande affetto, negli anni ho potuto apprezzarne oltre alla professionalit\u00e0 e signorilit\u00e0, anche la sua profonda umanit\u00e0. Se la Cardiologia del Goretti oggi \u00e8 un\u2019eccellenza a livello nazionale lo dobbiamo anche a lui&#8221;, sono le parole scritte in una nota per il collega dal sindaco di Latina Damiano Coletta che rivolge alla famiglia farina &#8220;a nome di tutta l\u2019Amministrazione comunale, le pi\u00f9 sentite condoglianze&#8221;.<\/p>\n<p>I funerali sono stati gi\u00e0 celebrati.<\/p>\n","protected":false},"excerpt":{"rendered":"<p>LATINA &#8211; Si \u00e8 spento il cardiologo di Latina Luigi Farina. &#8220;Apprendo con estremo dispiacere della scomparsa del Dott. Luigi Farina, pioniere della Cardiologia dell\u2019ospedale civile Santa Maria Goretti. Lo ricordo con grande affetto, negli anni ho potuto apprezzarne oltre alla professionalit\u00e0 e signorilit\u00e0, anche la sua profonda umanit\u00e0. Se la Cardiologia del Goretti oggi [&hellip;]<\/p>\n","protected":false},"author":60,"featured_media":212851,"comment_status":"open","ping_status":"open","sticky":false,"template":"","format":"standard","meta":{"footnotes":""},"categories":[7],"tags":[],"class_list":["post-274035","post","type-post","status-publish","format-standard","has-post-thumbnail","hentry","category-cronaca"],"_links":{"self":[{"href":"https:\/\/www.radioluna.it\/news\/wp-json\/wp\/v2\/posts\/274035","targetHints":{"allow":["GET"]}}],"collection":[{"href":"https:\/\/www.radioluna.it\/news\/wp-json\/wp\/v2\/posts"}],"about":[{"href":"https:\/\/www.radioluna.it\/news\/wp-json\/wp\/v2\/types\/post"}],"author":[{"embeddable":true,"href":"https:\/\/www.radioluna.it\/news\/wp-json\/wp\/v2\/users\/60"}],"replies":[{"embeddable":true,"href":"https:\/\/www.radioluna.it\/news\/wp-json\/wp\/v2\/comments?post=274035"}],"version-history":[{"count":0,"href":"https:\/\/www.radioluna.it\/news\/wp-json\/wp\/v2\/posts\/274035\/revisions"}],"wp:featuredmedia":[{"embeddable":true,"href":"https:\/\/www.radioluna.it\/news\/wp-json\/wp\/v2\/media\/212851"}],"wp:attachment":[{"href":"https:\/\/www.radioluna.it\/news\/wp-json\/wp\/v2\/media?parent=274035"}],"wp:term":[{"taxonomy":"category","embeddable":true,"href":"https:\/\/www.radioluna.it\/news\/wp-json\/wp\/v2\/categories?post=274035"},{"taxonomy":"post_tag","embeddable":true,"href":"https:\/\/www.radioluna.it\/news\/wp-json\/wp\/v2\/tags?post=274035"}],"curies":[{"name":"wp","href":"https:\/\/api.w.org\/{rel}","templated":true}]}}