{"id":274211,"date":"2020-09-05T14:01:31","date_gmt":"2020-09-05T12:01:31","guid":{"rendered":"https:\/\/www.radioluna.it\/news\/?p=274211"},"modified":"2020-09-05T14:01:31","modified_gmt":"2020-09-05T12:01:31","slug":"covid-19-altri-tre-casi-due-a-fondi-e-uno-a-latina","status":"publish","type":"post","link":"https:\/\/www.radioluna.it\/news\/2020\/09\/covid-19-altri-tre-casi-due-a-fondi-e-uno-a-latina\/","title":{"rendered":"Covid-19, altri tre casi, due a Fondi e uno a Latina"},"content":{"rendered":"<div id=\"fb-root\"><\/div>\n<p style=\"text-align: justify;\"><strong>LATINA &#8211;<\/strong> Sono tre oggi i nuovi casi positivi al Covid- 19 in provincia di Latina. Di questi due a Fondi e uno a Latina legati tutti a link conosciuti. Prosegue l\u2019attivit\u00e0 di tracciamento svolta dal dipartimento di prevenzione della Asl di Latina Il capoluogo, che \u00e8 anche la comunit\u00e0 pi\u00f9 numerosa, resta il Comune che ha registrato pi\u00f9 casi dall\u2019inizio dell\u2019epidemia, seguito da Aprilia e Fondi.<\/p>\n<p style=\"text-align: justify;\">E proprio da Aprilia arriva il monito del sindaco Antonio Terra: &#8220;Dopo una crescita sensibile registrata lo scorso week-end, negli ultimi giorni abbiamo riscontrato diverse guarigioni e questo \u00e8 un dato positivo \u2013 commenta il Sindaco Antonio Terra \u2013 ci\u00f2 non toglie che le persone in attesa del tampone, dunque entrate in contatto con un caso di positivit\u00e0 o di rientro da vacanze in luoghi con un\u2019alta percentuale di contagi, siano ancora tante. Ribadisco perci\u00f2 l\u2019invito alla prudenza, gi\u00e0 rivolto ai cittadini apriliani nelle ultime settimane\u201d aggiunge Terra.<\/p>\n<p style=\"text-align: justify;\">I casi totali, esclusi i residenti fuori provincia, sono 812, un solo guarito rispetto a ieri (551 in totale), 37 le persone decedute, 224 i positivi attivi di cui 50 ricoverati tra il Goretti e le strutture ospedaliere romane.<\/p>\n<p style=\"text-align: justify;\">Al drive-in prosegue elevata l&#8217;attivit\u00e0 per i tamponi e per velocizzare le procedure ed evitare ulteriori disagi la Asl raccomanda di agevolare la registrazione e l&#8217;accesso &#8220;munendosi di ricetta dematerializzata ad eccezione di coloro che sono stati gi\u00e0 contattati dal Dipartimento di Prevenzione di questa ASL&#8221;. Intanto domani, domenica 6 settembre, il servizio di &#8220;drive-in&#8221; presso il Goretti di Latina, chiuder\u00e0 alle ore 14.<\/p>\n","protected":false},"excerpt":{"rendered":"<p>LATINA &#8211; Sono tre oggi i nuovi casi positivi al Covid- 19 in provincia di Latina. Di questi due a Fondi e uno a Latina legati tutti a link conosciuti. Prosegue l\u2019attivit\u00e0 di tracciamento svolta dal dipartimento di prevenzione della Asl di Latina Il capoluogo, che \u00e8 anche la comunit\u00e0 pi\u00f9 numerosa, resta il Comune [&hellip;]<\/p>\n","protected":false},"author":62,"featured_media":274212,"comment_status":"open","ping_status":"open","sticky":false,"template":"","format":"standard","meta":{"footnotes":""},"categories":[2616],"tags":[],"class_list":["post-274211","post","type-post","status-publish","format-standard","has-post-thumbnail","hentry","category-sanita"],"_links":{"self":[{"href":"https:\/\/www.radioluna.it\/news\/wp-json\/wp\/v2\/posts\/274211","targetHints":{"allow":["GET"]}}],"collection":[{"href":"https:\/\/www.radioluna.it\/news\/wp-json\/wp\/v2\/posts"}],"about":[{"href":"https:\/\/www.radioluna.it\/news\/wp-json\/wp\/v2\/types\/post"}],"author":[{"embeddable":true,"href":"https:\/\/www.radioluna.it\/news\/wp-json\/wp\/v2\/users\/62"}],"replies":[{"embeddable":true,"href":"https:\/\/www.radioluna.it\/news\/wp-json\/wp\/v2\/comments?post=274211"}],"version-history":[{"count":0,"href":"https:\/\/www.radioluna.it\/news\/wp-json\/wp\/v2\/posts\/274211\/revisions"}],"wp:featuredmedia":[{"embeddable":true,"href":"https:\/\/www.radioluna.it\/news\/wp-json\/wp\/v2\/media\/274212"}],"wp:attachment":[{"href":"https:\/\/www.radioluna.it\/news\/wp-json\/wp\/v2\/media?parent=274211"}],"wp:term":[{"taxonomy":"category","embeddable":true,"href":"https:\/\/www.radioluna.it\/news\/wp-json\/wp\/v2\/categories?post=274211"},{"taxonomy":"post_tag","embeddable":true,"href":"https:\/\/www.radioluna.it\/news\/wp-json\/wp\/v2\/tags?post=274211"}],"curies":[{"name":"wp","href":"https:\/\/api.w.org\/{rel}","templated":true}]}}