{"id":274366,"date":"2020-09-10T07:10:18","date_gmt":"2020-09-10T05:10:18","guid":{"rendered":"https:\/\/www.radioluna.it\/news\/?p=274366"},"modified":"2020-09-12T15:30:24","modified_gmt":"2020-09-12T13:30:24","slug":"il-tenente-colonnello-befera-lascia-latina-arriva-meola","status":"publish","type":"post","link":"https:\/\/www.radioluna.it\/news\/2020\/09\/il-tenente-colonnello-befera-lascia-latina-arriva-meola\/","title":{"rendered":"Il Tenente Colonnello Befera lascia Latina, arriva Meola"},"content":{"rendered":"<div id=\"fb-root\"><\/div>\n<p style=\"text-align: justify;\"><strong>LATINA &#8211;<\/strong> Dopo sette anni il Tenente Colonnello Paolo Befera lascia il Comando Provinciale di Latina e va a ricoprire un altro importante incarico presso la Legione Carabinieri Lazio. Giunto a Latina nel mese di settembre 2013, ha ricoperto fino al mese di settembre 2015 il ruolo di Comandante del Nucleo Investigativo, e successivamente quello di Comandate del Reparto Operativo. Il Ten. Col. Befera si \u00e8 distinto per aver dapprima diretto personalmente e poi coordinato una serie di complesse e articolate operazioni in materia di criminalit\u00e0 organizzata, narcotraffico e reati contro la pubblica amministrazione, intensificando l\u2019attivit\u00e0 investigativa dei reparti ed al contempo mirando ad un\u2019azione di contrasto sempre pi\u00f9 qualificata e penetrante. Tra le attivit\u00e0 investigative pi\u00f9 brillanti si possono rammentare le operazioni \u201cKrupy\u201d, \u201cOlimpia\u201d, \u201cAmn\u00e8sia\u201d, \u201cTiberio\u201d, \u201cAleppo\u201d, \u201cAstice\u201d e \u201cMasterchef\u201d. Il Ten. Col. Befera ha inoltre condotto personalmente le indagini sui principali omicidi perpetrati nella provincia, da quello dell\u2019enologo CAPPIA Ulrico, di BARLONE Patrizio, del sarto ESPOSITO Umberto e da ultimo di PALLI Luca, tutte finite con l\u2019individuazione e la cattura dei responsabili. L\u2019ufficiale inoltre ha svolto un ruolo di rilievo nei settori della certificazione antimafia, del controllo degli appalti pubblici, dell\u2019attivit\u00e0 antiusura e del supporto per i beni c sequestrati e confiscati alla c.o. quale rappresentante per l\u2019Arma dei Carabinieri nei relativi Nuclei costituiti presso la Prefettura di Latina.<\/p>\n<p style=\"text-align: justify;\">Il Comando del Reparto Operativo sar\u00e0 assunto dal Ten. Col. Michele Meola, attuale Comandante del Nucleo Investigativo.<\/p>\n","protected":false},"excerpt":{"rendered":"<p>LATINA &#8211; Dopo sette anni il Tenente Colonnello Paolo Befera lascia il Comando Provinciale di Latina e va a ricoprire un altro importante incarico presso la Legione Carabinieri Lazio. Giunto a Latina nel mese di settembre 2013, ha ricoperto fino al mese di settembre 2015 il ruolo di Comandante del Nucleo Investigativo, e successivamente quello [&hellip;]<\/p>\n","protected":false},"author":60,"featured_media":0,"comment_status":"open","ping_status":"open","sticky":false,"template":"","format":"standard","meta":{"footnotes":""},"categories":[735],"tags":[],"class_list":["post-274366","post","type-post","status-publish","format-standard","hentry","category-attualita"],"_links":{"self":[{"href":"https:\/\/www.radioluna.it\/news\/wp-json\/wp\/v2\/posts\/274366","targetHints":{"allow":["GET"]}}],"collection":[{"href":"https:\/\/www.radioluna.it\/news\/wp-json\/wp\/v2\/posts"}],"about":[{"href":"https:\/\/www.radioluna.it\/news\/wp-json\/wp\/v2\/types\/post"}],"author":[{"embeddable":true,"href":"https:\/\/www.radioluna.it\/news\/wp-json\/wp\/v2\/users\/60"}],"replies":[{"embeddable":true,"href":"https:\/\/www.radioluna.it\/news\/wp-json\/wp\/v2\/comments?post=274366"}],"version-history":[{"count":0,"href":"https:\/\/www.radioluna.it\/news\/wp-json\/wp\/v2\/posts\/274366\/revisions"}],"wp:attachment":[{"href":"https:\/\/www.radioluna.it\/news\/wp-json\/wp\/v2\/media?parent=274366"}],"wp:term":[{"taxonomy":"category","embeddable":true,"href":"https:\/\/www.radioluna.it\/news\/wp-json\/wp\/v2\/categories?post=274366"},{"taxonomy":"post_tag","embeddable":true,"href":"https:\/\/www.radioluna.it\/news\/wp-json\/wp\/v2\/tags?post=274366"}],"curies":[{"name":"wp","href":"https:\/\/api.w.org\/{rel}","templated":true}]}}