{"id":274630,"date":"2020-09-15T16:53:28","date_gmt":"2020-09-15T14:53:28","guid":{"rendered":"https:\/\/www.radioluna.it\/news\/?p=274630"},"modified":"2020-09-16T10:13:59","modified_gmt":"2020-09-16T08:13:59","slug":"latina-tenta-di-rapinare-la-popolare-del-lazio-al-morbella-messo-in-fuga-dai-dipendenti","status":"publish","type":"post","link":"https:\/\/www.radioluna.it\/news\/2020\/09\/latina-tenta-di-rapinare-la-popolare-del-lazio-al-morbella-messo-in-fuga-dai-dipendenti\/","title":{"rendered":"Latina, tenta di rapinare la Popolare del Lazio al Morbella, messo in fuga dai dipendenti"},"content":{"rendered":"<div id=\"fb-root\"><\/div>\n<p style=\"text-align: justify;\"><strong>LATINA<\/strong> &#8211; <strong>Ha tentato di rapinare la Banca Popolare del Lazio al Centro Morbella<\/strong>, ma \u00e8 stato messo in fuga da due dipendenti. L&#8217;uomo, che secondo la ricostruzione dei carabinieri\u00a0 \u00e8 entrato nell&#8217;istituto di credito intorno alle 15,30, impugnava un taglierino e ha chiesto ai presenti di consegnare i contanti, ma la reazione \u00e8 stata imprevedibile e i dipendenti gli hanno scagliato contro alcuni oggetti cercando poi di braccarlo. Ne \u00e8 seguita una breve colluttazione durante la quale l&#8217;uomo \u00e8 riuscito a divincolarsi e a fuggire, senza riuscire a prendere nulla.<\/p>\n<p style=\"text-align: justify;\">Il rapinatore ha agito con il volto scoperto e <strong>i carabinieri, guidati dal<\/strong> <strong>maggiore Carlo Maria Segreto<\/strong> che dirige la <strong>Compagnia di Latina<\/strong>, hanno gi\u00e0 sequestrato le immagini delle telecamere di videosorveglianza. Le indagini sono in corso.<\/p>\n","protected":false},"excerpt":{"rendered":"<p>LATINA &#8211; Ha tentato di rapinare la Banca Popolare del Lazio al Centro Morbella, ma \u00e8 stato messo in fuga da due dipendenti. L&#8217;uomo, che secondo la ricostruzione dei carabinieri\u00a0 \u00e8 entrato nell&#8217;istituto di credito intorno alle 15,30, impugnava un taglierino e ha chiesto ai presenti di consegnare i contanti, ma la reazione \u00e8 stata [&hellip;]<\/p>\n","protected":false},"author":62,"featured_media":0,"comment_status":"open","ping_status":"open","sticky":false,"template":"","format":"standard","meta":{"footnotes":""},"categories":[7],"tags":[],"class_list":["post-274630","post","type-post","status-publish","format-standard","hentry","category-cronaca"],"_links":{"self":[{"href":"https:\/\/www.radioluna.it\/news\/wp-json\/wp\/v2\/posts\/274630","targetHints":{"allow":["GET"]}}],"collection":[{"href":"https:\/\/www.radioluna.it\/news\/wp-json\/wp\/v2\/posts"}],"about":[{"href":"https:\/\/www.radioluna.it\/news\/wp-json\/wp\/v2\/types\/post"}],"author":[{"embeddable":true,"href":"https:\/\/www.radioluna.it\/news\/wp-json\/wp\/v2\/users\/62"}],"replies":[{"embeddable":true,"href":"https:\/\/www.radioluna.it\/news\/wp-json\/wp\/v2\/comments?post=274630"}],"version-history":[{"count":0,"href":"https:\/\/www.radioluna.it\/news\/wp-json\/wp\/v2\/posts\/274630\/revisions"}],"wp:attachment":[{"href":"https:\/\/www.radioluna.it\/news\/wp-json\/wp\/v2\/media?parent=274630"}],"wp:term":[{"taxonomy":"category","embeddable":true,"href":"https:\/\/www.radioluna.it\/news\/wp-json\/wp\/v2\/categories?post=274630"},{"taxonomy":"post_tag","embeddable":true,"href":"https:\/\/www.radioluna.it\/news\/wp-json\/wp\/v2\/tags?post=274630"}],"curies":[{"name":"wp","href":"https:\/\/api.w.org\/{rel}","templated":true}]}}