{"id":274874,"date":"2020-09-19T14:06:34","date_gmt":"2020-09-19T12:06:34","guid":{"rendered":"https:\/\/www.radioluna.it\/news\/?p=274874"},"modified":"2020-09-19T14:07:49","modified_gmt":"2020-09-19T12:07:49","slug":"covid-31-nuovi-casi-in-provincia-di-latina-superata-quota-mille-casi-400-i-positivi-attivi","status":"publish","type":"post","link":"https:\/\/www.radioluna.it\/news\/2020\/09\/covid-31-nuovi-casi-in-provincia-di-latina-superata-quota-mille-casi-400-i-positivi-attivi\/","title":{"rendered":"Covid, 31 nuovi casi in provincia di Latina: superata quota mille casi, 400 i positivi attivi"},"content":{"rendered":"<div id=\"fb-root\"><\/div>\n<p style=\"text-align: justify;\"><strong>LATINA<\/strong> &#8211; Rispetto alla giornata di ieri, si registrano 30 nuovi casi positivi, di cui 29 trattati a domicilio e distribuiti nei Comuni di Castelforte (1), di Santi Cosma e Damiano (1), di Formia (16), di Gaeta (2), di Itri (2), di Latina (3), di Roccagorga (2), di Sabaudia (2) e di Sezze (1). C&#8217;\u00e8 poi un caso positivo non residente in provincia. Non si registrano nuovi decessi.<br \/>\nSuperata quota mille: sono 1014 i casi totali con indice di prevalenza a 17,63. Quasi 400 i contagiati, positivi attivi, di cui 53 ricoverati in ospedale.<\/p>\n<p style=\"text-align: justify;\">Per effettuare ulteriori esami sul focolaio di Formia, oltre al drive-in fisso di Latina, \u00e8 aperta da oggi pomeriggio una postazione mobile nell&#8217;area mercato della citt\u00e0 del sud pontino dove saranno effettuati tamponi rapidi (test salivari antigenici) . La postazione operer\u00e0 anche nelle giornate di domenica 20 e luned\u00ec 21 settembre 2020.<\/p>\n<p style=\"text-align: justify;\">La Asl invita tutti coloro che ritengono di aver avuto contatti con i luoghi in cui si concentra il focolaio di Formia, a recarsi al Drive in, per il tampone rapido: &#8220;L\u2019accesso \u00e8 spontaneo e non richiede la prescrizione medica. L\u2019azienda invita anche a distribuirsi nelle 3 giornate al fine di evitare lunghe attese. Si invitano tutti i cittadini di Formia ad indossare le mascherine anche nelle ore diurne e a rispettare rigorosamente le disposizioni in materia di prevenzione&#8221;.<\/p>\n","protected":false},"excerpt":{"rendered":"<p>LATINA &#8211; Rispetto alla giornata di ieri, si registrano 30 nuovi casi positivi, di cui 29 trattati a domicilio e distribuiti nei Comuni di Castelforte (1), di Santi Cosma e Damiano (1), di Formia (16), di Gaeta (2), di Itri (2), di Latina (3), di Roccagorga (2), di Sabaudia (2) e di Sezze (1). C&#8217;\u00e8 [&hellip;]<\/p>\n","protected":false},"author":62,"featured_media":274046,"comment_status":"open","ping_status":"open","sticky":false,"template":"","format":"standard","meta":{"footnotes":""},"categories":[2616],"tags":[69,3075,2651,2655,203,164,496,23,282],"class_list":["post-274874","post","type-post","status-publish","format-standard","has-post-thumbnail","hentry","category-sanita","tag-aprilia","tag-casi-di-contagio","tag-coronavirus","tag-covid-19","tag-formia","tag-gaeta","tag-itri","tag-latina","tag-provincia-di-latina"],"_links":{"self":[{"href":"https:\/\/www.radioluna.it\/news\/wp-json\/wp\/v2\/posts\/274874","targetHints":{"allow":["GET"]}}],"collection":[{"href":"https:\/\/www.radioluna.it\/news\/wp-json\/wp\/v2\/posts"}],"about":[{"href":"https:\/\/www.radioluna.it\/news\/wp-json\/wp\/v2\/types\/post"}],"author":[{"embeddable":true,"href":"https:\/\/www.radioluna.it\/news\/wp-json\/wp\/v2\/users\/62"}],"replies":[{"embeddable":true,"href":"https:\/\/www.radioluna.it\/news\/wp-json\/wp\/v2\/comments?post=274874"}],"version-history":[{"count":0,"href":"https:\/\/www.radioluna.it\/news\/wp-json\/wp\/v2\/posts\/274874\/revisions"}],"wp:featuredmedia":[{"embeddable":true,"href":"https:\/\/www.radioluna.it\/news\/wp-json\/wp\/v2\/media\/274046"}],"wp:attachment":[{"href":"https:\/\/www.radioluna.it\/news\/wp-json\/wp\/v2\/media?parent=274874"}],"wp:term":[{"taxonomy":"category","embeddable":true,"href":"https:\/\/www.radioluna.it\/news\/wp-json\/wp\/v2\/categories?post=274874"},{"taxonomy":"post_tag","embeddable":true,"href":"https:\/\/www.radioluna.it\/news\/wp-json\/wp\/v2\/tags?post=274874"}],"curies":[{"name":"wp","href":"https:\/\/api.w.org\/{rel}","templated":true}]}}