{"id":274989,"date":"2020-09-21T14:02:54","date_gmt":"2020-09-21T12:02:54","guid":{"rendered":"https:\/\/www.radioluna.it\/news\/?p=274989"},"modified":"2020-09-24T09:45:53","modified_gmt":"2020-09-24T07:45:53","slug":"56-festival-pontino-di-musica-suona-il-duo-margoni-loperfido","status":"publish","type":"post","link":"https:\/\/www.radioluna.it\/news\/2020\/09\/56-festival-pontino-di-musica-suona-il-duo-margoni-loperfido\/","title":{"rendered":"56\u00b0 Festival Pontino di Musica, suona il duo Margoni-Loperfido"},"content":{"rendered":"<div id=\"fb-root\"><\/div>\n<p style=\"text-align: justify;\"><strong>LATINA<\/strong> &#8211; Al Circolo Cittadino di Latina nuovo appuntamento con il\u00a0 Festival Pontino di Musica. Marted\u00ec 22 settembre sul palco, per la serie di recital di giovani talenti e promettenti solisti, suoner\u00e0 il due composto da Ivos Margoni al violino e Giulia Loperfido al pianoforte. &#8220;Sono un duo romano giovane, formatosi nel 2017, che vanta gi\u00e0 una importante carriera concertistica; a Margoni fra l\u2019altro \u00e8 andato il Premio Nazionale delle Arti, ex Premio Abbado, quale miglior violinista iscritto in un Conservatorio italiano&#8221;, raccontano dalla Fondazione Campus Internazionale di Msuica.<\/p>\n<p style=\"text-align: justify;\"><strong>IL PROGRAMMA<\/strong> &#8211; Gi\u00e0 ospite del Festival Pontino nelle edizioni passate, marted\u00ec 22 settembre (ore 19) il duo sar\u00e0 al Circolo Cittadino di Latina per un programma che attinge dal grande repertorio cameristico per violino e pianoforte. Il concerto si apre con la Sonata per violino e pianoforte op. 12 n. 2 di Beethoven, dedicata ad Antonio Salieri che fu suo maestro di composizione. Di richiamo mozartiano, nella Sonata vige un costante gioco di voci tra i due strumenti, con contrasti dinamici e giochi armonici, che sorpresero gli ascoltatori dell\u2019epoca. Fa parte dell\u2019ultimo periodo creativo di Robert Schumann la Sonata n. 1 in la minore op. 105, composta in pochi giorni, dal 12 al 16 settembre 1851, di cui Clara, moglie e interprete prediletta della musica dell\u2019autore tedesco, se ne sent\u00ec letteralmente \u00abincantata e commossa\u00bb sin dalla prima lettura. Il programma si chiude con la ricca inventiva melodica che distingue la Sonata n. 3 in do minore op. 45 di Edvard Grieg.<\/p>\n<p style=\"text-align: justify;\">La settimana successiva toccher\u00e0 ai fisarmonicisti\u00a0Riccardo Pugliese\u00a0e\u00a0Carlo Sampaolesi\u00a0in concerto mercoled\u00ec 30 settembre sempre al Circolo Cittadino.\u00a0A breve sar\u00e0 disponibile anche il calendario dei concerti di ottobre.<\/p>\n<p style=\"text-align: justify;\">Info: Fondazione Campus Internazionale di Musica, Via Varsavia 31, 04100 Latina tel. 0773 605551, cell. 329-7540544; \u00a0www.campusmusica.it,\u00a0info@campusmusica.it<\/p>\n<p>Biglietto concerto:\u00a0posto unico 10\u20ac . Prenotazione obbligatoria chiamando il Campus Internazionale di Musica (tel. 0773 605551, cell. 329-7540544).<\/p>\n","protected":false},"excerpt":{"rendered":"<p>LATINA &#8211; Al Circolo Cittadino di Latina nuovo appuntamento con il\u00a0 Festival Pontino di Musica. Marted\u00ec 22 settembre sul palco, per la serie di recital di giovani talenti e promettenti solisti, suoner\u00e0 il due composto da Ivos Margoni al violino e Giulia Loperfido al pianoforte. &#8220;Sono un duo romano giovane, formatosi nel 2017, che vanta [&hellip;]<\/p>\n","protected":false},"author":62,"featured_media":274990,"comment_status":"open","ping_status":"open","sticky":false,"template":"","format":"standard","meta":{"footnotes":""},"categories":[16],"tags":[],"class_list":["post-274989","post","type-post","status-publish","format-standard","has-post-thumbnail","hentry","category-appuntamenti"],"_links":{"self":[{"href":"https:\/\/www.radioluna.it\/news\/wp-json\/wp\/v2\/posts\/274989","targetHints":{"allow":["GET"]}}],"collection":[{"href":"https:\/\/www.radioluna.it\/news\/wp-json\/wp\/v2\/posts"}],"about":[{"href":"https:\/\/www.radioluna.it\/news\/wp-json\/wp\/v2\/types\/post"}],"author":[{"embeddable":true,"href":"https:\/\/www.radioluna.it\/news\/wp-json\/wp\/v2\/users\/62"}],"replies":[{"embeddable":true,"href":"https:\/\/www.radioluna.it\/news\/wp-json\/wp\/v2\/comments?post=274989"}],"version-history":[{"count":0,"href":"https:\/\/www.radioluna.it\/news\/wp-json\/wp\/v2\/posts\/274989\/revisions"}],"wp:featuredmedia":[{"embeddable":true,"href":"https:\/\/www.radioluna.it\/news\/wp-json\/wp\/v2\/media\/274990"}],"wp:attachment":[{"href":"https:\/\/www.radioluna.it\/news\/wp-json\/wp\/v2\/media?parent=274989"}],"wp:term":[{"taxonomy":"category","embeddable":true,"href":"https:\/\/www.radioluna.it\/news\/wp-json\/wp\/v2\/categories?post=274989"},{"taxonomy":"post_tag","embeddable":true,"href":"https:\/\/www.radioluna.it\/news\/wp-json\/wp\/v2\/tags?post=274989"}],"curies":[{"name":"wp","href":"https:\/\/api.w.org\/{rel}","templated":true}]}}