{"id":275039,"date":"2020-09-22T10:20:22","date_gmt":"2020-09-22T08:20:22","guid":{"rendered":"https:\/\/www.radioluna.it\/news\/?p=275039"},"modified":"2020-09-24T09:45:08","modified_gmt":"2020-09-24T07:45:08","slug":"latina-il-vescovo-mariano-crociata-presenta-il-percorso-delliniziazione-cristiana-in-diocesi","status":"publish","type":"post","link":"https:\/\/www.radioluna.it\/news\/2020\/09\/latina-il-vescovo-mariano-crociata-presenta-il-percorso-delliniziazione-cristiana-in-diocesi\/","title":{"rendered":"Latina, il vescovo Mariano Crociata presenta il Percorso dell\u2019Iniziazione Cristiana in diocesi"},"content":{"rendered":"<div id=\"fb-root\"><\/div>\n<p style=\"text-align: justify;\">LATINA &#8211; Il nuovo anno pastorale segna l\u2019avvio per la diocesi di Latina del Percorso dell\u2019Iniziazione cristiana destinato ai bambini, ai ragazzi, agli adolescenti e ai giovani, dalla nascita e fino alla maggiore et\u00e0. Il vescovo Mariano Crociata nei giorni scorsi ha firmato il decreto di adozione del documento che consegna ora \u00aballe comunit\u00e0 parrocchiali e alle aggregazioni ecclesiali perch\u00e9 sia accolto e realizzato in ciascuna di esse\u00bb, le vere protagoniste di questo cambiamento epocale.<\/p>\n<p style=\"text-align: justify;\">Il Percorso vuole proporre, come idea centrale, un itinerario di fede che tenga conto della persona nelle varie fasi della crescita umana e spirituale; un cammino, dunque, che miri a coniugare fede e vita vissuta. In questo \u201cpercorso\u201d vanno compresi e vissuti i singoli Sacramenti dell\u2019Iniziazione cristiana (Battesimo, Comunione e Confermazione), i quali vanno visti come una parte integrante dell\u2019itinerario, tappe e non mete conclusive come sono stati considerati fino ad oggi.<\/p>\n<p style=\"text-align: justify;\">Nella presentazione del documento, mons. Crociata ha spiegato: \u00abDue esigenze, tra altre, hanno portato a compiere tale scelta: il bisogno di colmare il vuoto religioso nel quale i bambini e i ragazzi di oggi crescono, a motivo del mutato contesto familiare e sociale, e la necessit\u00e0 di passare da una proposta formativa di tipo scolastico a una di tipo esperienziale e comunitario, consapevoli che Cristo si incontra nella Chiesa e che solo una Chiesa, in cui la vita in tutti i suoi aspetti comuni viene in qualche modo percepita e condivisa in relazione a Cristo, pu\u00f2 essere luogo generativo per la fede. Una comunit\u00e0 soggetto, che accoglie e accompagna \u2013 soprattutto con la collaborazione delle famiglie \u2013 l\u2019esperienza cristiana della crescita dei nuovi arrivati sulla scena della vita, \u00e8 l\u2019unica possibilit\u00e0 che le nuove generazioni hanno di essere iniziati alla fede\u00bb.<\/p>\n<p style=\"text-align: justify;\">Infatti, la novit\u00e0 del documento \u00e8 quella di individuare nella stessa comunit\u00e0 parrocchiale \u2013 e non singoli addetti ai lavori come i catechisti &#8211; il soggetto che educa alla fede i giovani, dalla loro nascita e fino all\u2019et\u00e0 adulta con un necessario accompagnamento delle famiglie. Dunque, una precisa volont\u00e0 di essere \u00abchiesa in uscita\u00bb e missionaria.<\/p>\n<p style=\"text-align: justify;\">Per tale ragione, le comunit\u00e0 parrocchiali, chiamate in prima istanza a rendere operative le linee del cammino in base alla loro specifica realt\u00e0, devono acquisire la capacit\u00e0 di accompagnare i ragazzi nella loro crescita, aiutandoli a conoscere il Signore Ges\u00f9 e a vivere la relazione con lui come dimensione costitutiva di tutta la loro persona e di tutte le esperienze che caratterizzano il percorso evolutivo. Il Percorso offre 18 passi, uno per anno per ogni d\u2019et\u00e0, con alcune strutture e suggerimenti (pastorali, biblici ecc\u2026) su cui le comunit\u00e0 parrocchiali potranno costruire il loro cammino. -\/-<\/p>\n<p style=\"text-align: justify;\">\u00a0La meta ultima, dunque, \u00e8 certamente di formare alla vita adulta nella fede; obiettivo che pu\u00f2 essere realizzato se ogni comunit\u00e0 si impegna allo stesso tempo in una verifica e in un ripensamento del proprio \u201cclima di Chiesa\u201d, affinch\u00e9 diventi il luogo ordinario dove ogni famiglia possa sentirsi protagonista della formazione alla fede dei propri figli e possa sperimentare una testimonianza di fede vissuta che la sostiene e la coinvolge attivamente.<\/p>\n<p>&nbsp;<\/p>\n","protected":false},"excerpt":{"rendered":"<p>LATINA &#8211; Il nuovo anno pastorale segna l\u2019avvio per la diocesi di Latina del Percorso dell\u2019Iniziazione cristiana destinato ai bambini, ai ragazzi, agli adolescenti e ai giovani, dalla nascita e fino alla maggiore et\u00e0. Il vescovo Mariano Crociata nei giorni scorsi ha firmato il decreto di adozione del documento che consegna ora \u00aballe comunit\u00e0 parrocchiali [&hellip;]<\/p>\n","protected":false},"author":60,"featured_media":0,"comment_status":"open","ping_status":"open","sticky":false,"template":"","format":"standard","meta":{"footnotes":""},"categories":[735],"tags":[],"class_list":["post-275039","post","type-post","status-publish","format-standard","hentry","category-attualita"],"_links":{"self":[{"href":"https:\/\/www.radioluna.it\/news\/wp-json\/wp\/v2\/posts\/275039","targetHints":{"allow":["GET"]}}],"collection":[{"href":"https:\/\/www.radioluna.it\/news\/wp-json\/wp\/v2\/posts"}],"about":[{"href":"https:\/\/www.radioluna.it\/news\/wp-json\/wp\/v2\/types\/post"}],"author":[{"embeddable":true,"href":"https:\/\/www.radioluna.it\/news\/wp-json\/wp\/v2\/users\/60"}],"replies":[{"embeddable":true,"href":"https:\/\/www.radioluna.it\/news\/wp-json\/wp\/v2\/comments?post=275039"}],"version-history":[{"count":0,"href":"https:\/\/www.radioluna.it\/news\/wp-json\/wp\/v2\/posts\/275039\/revisions"}],"wp:attachment":[{"href":"https:\/\/www.radioluna.it\/news\/wp-json\/wp\/v2\/media?parent=275039"}],"wp:term":[{"taxonomy":"category","embeddable":true,"href":"https:\/\/www.radioluna.it\/news\/wp-json\/wp\/v2\/categories?post=275039"},{"taxonomy":"post_tag","embeddable":true,"href":"https:\/\/www.radioluna.it\/news\/wp-json\/wp\/v2\/tags?post=275039"}],"curies":[{"name":"wp","href":"https:\/\/api.w.org\/{rel}","templated":true}]}}