{"id":275062,"date":"2020-09-22T14:18:43","date_gmt":"2020-09-22T12:18:43","guid":{"rendered":"https:\/\/www.radioluna.it\/news\/?p=275062"},"modified":"2020-09-22T19:19:39","modified_gmt":"2020-09-22T17:19:39","slug":"covid-19-altri-30-casi-in-provincia-di-latina-la-asl-mascherine-indispensabili-ed-evitare-luoghi-affollati","status":"publish","type":"post","link":"https:\/\/www.radioluna.it\/news\/2020\/09\/covid-19-altri-30-casi-in-provincia-di-latina-la-asl-mascherine-indispensabili-ed-evitare-luoghi-affollati\/","title":{"rendered":"Covid-19 altri 30 casi in provincia di Latina. La Asl: &#8220;Mascherine indispensabili ed evitare luoghi affollati&#8221;"},"content":{"rendered":"<div id=\"fb-root\"><\/div>\n<p>(foto di repertorio)<\/p>\n<p style=\"text-align: justify;\"><strong>LATINA &#8211;<\/strong> <strong>Rispetto alla giornata di ieri, si registrano 30 nuovi casi positivi,<\/strong> di cui 28 casi trattati a domicilio e distribuiti nei Comuni di Cisterna di Latina (2), di Fondi (1), di Formia (6), di Gaeta (4), di Itri (4), di Latina (3), Minturno (4), di Roccagorga (1), di Sabaudia (4), e di Terracina (1). E&#8217; quanto riporta il bollettino della Asl di Latina oggi 22 settembre.<br \/>\nI casi totali sono 1090 (indice di prevalenza al 18,95);\u00a0 \u00a0465 i positivi attivi di cui 63 in ospedale. 38 i deceduti.<\/p>\n<p style=\"text-align: justify;\"><strong>DRIVE IN &#8211; La situazione descritta dai dati ufficiali \u00e8 da allarme e intanto proseguono i tamponi su tutti i casi collegati a quelli emersi. La postazione drive-in del Goretti \u00e8 sovraffollata, con file insostenibili, traffico caotico intorno all&#8217;ospedale, situazioni di forte tensione e il rischio concreto di arrivare al proprio turno quando la postazione \u00e8 chiusa. <\/strong><\/p>\n<p><strong>IL PUNTO A FORMIA\u00a0 &#8211; A fine giornata \u00e8 la sindaca paola Villa a illustrare i dati in suo possesso; <\/strong>&#8220;Dal 31 agosto a\u00a0 oggi 22 settembre ci sono 46 positivi non tutti riconducibili allo stesso link. Quelli del link legato all&#8217;imprenditore ittico sono allo stato attuale 31. Lo screening con i tamponi rapidi al drive in sta continuando per avere un quadro chiaro di tutta la comunit\u00e0 comprensoriale&#8221;, aggiunge la sindaca\u00a0 ricordando che \u00e8 obbligatorio l&#8217;uso della mascherina, mantenere le distanze e lavarsi le mani.<\/p>\n<p style=\"text-align: justify;\"><strong>RIATTIVATA POSTAZIONE PER TAMPONI RAPIDI<\/strong> &#8211; Per quanto riguarda Formia, il Comune fa sapere che domani mercoled\u00ec 23 settembre dalle 14.00 alle 17.00 (orario limite massimo di accesso al drive in) sar\u00e0 possibile sottoporsi ai test rapidi dell&#8217;Asl. L&#8217;accesso al drive in \u00e8 esclusivamente per i residenti della Regione Lazio. Inoltre si stanno organizzando con il supporto dell&#8217;Asl di Latina e dell&#8217;unit\u00e0 USCAR di Roma altre giornate di drive in per test rapidi nel prossimo fine settimana.<\/p>\n<p><strong>L&#8217;APPELLO DELL&#8217;AZIENDA SANITARIA<\/strong> &#8211; La preoccupazione del Dipartimento di Prevenzione e dei vertici della Asl \u00e8 forte soprattutto in vista dell&#8217;imminente avvio della scuole con una situazione dei contagi che appare in crescita perenne. Di qui l&#8217;appello: &#8220;In considerazione dell\u2019evoluzione che si sta registrando, in questi ultimi giorni, nel numero di nuovi soggetti positivi e dell\u2019evidenza che gli stessi si distribuiscono in modo abbastanza uniforme su tutto il territorio della Provincia di Latina, nei prossimi giorni \u00e8 di fondamentale importanza, anche alla luce della prossima apertura di tutte le scuole, che tutti i cittadini si attengano scrupolosamente alle disposizioni in materia di prevenzione del contagio. In particolare <strong>si ritiene importante l\u2019uso della mascherina in tutte le occasioni di contatto con altre persone<\/strong>, ancorch\u00e9 conosciute, anche nelle ore diurne. <strong>Evitare, nel limite del possibile, la frequentazione di luoghi affollati,<\/strong> soprattutto in locali senza adeguato ricambio d\u2019aria, e di <strong>utilizzare sistematicamente prodotti idonei all\u2019igiene delle man<\/strong>i dopo aver toccato oggetti in luoghi pubblici&#8221;.<br \/>\nCome noto &#8211; ricordano le autorit\u00e0 sanitarie &#8211;\u00a0 ad oggi l\u2019unica arma davvero disponibile per ridurre la diffusione del contagio, consiste nell\u2019adozione di comportamenti responsabili a tutela della salute di tutti. In questa fase di importante rialzo dei contagi la collaborazione tra istituzioni sanitarie, forze dell\u2019ordine, amministrazioni comunali e cittadini deve essere massima. <strong>Si tratta di una situazione da monitorare con la massima attenzione<\/strong> durante le prossime due settimane allo scopo di verificare se, attraverso l\u2019adozione di comportamenti pi\u00f9 controllati, si creano le condizioni per il ridimensionamento della diffusione del contagio nella Provincia.<\/p>\n","protected":false},"excerpt":{"rendered":"<p>(foto di repertorio) LATINA &#8211; Rispetto alla giornata di ieri, si registrano 30 nuovi casi positivi, di cui 28 casi trattati a domicilio e distribuiti nei Comuni di Cisterna di Latina (2), di Fondi (1), di Formia (6), di Gaeta (4), di Itri (4), di Latina (3), Minturno (4), di Roccagorga (1), di Sabaudia (4), [&hellip;]<\/p>\n","protected":false},"author":62,"featured_media":275063,"comment_status":"open","ping_status":"open","sticky":false,"template":"","format":"standard","meta":{"footnotes":""},"categories":[2616],"tags":[],"class_list":["post-275062","post","type-post","status-publish","format-standard","has-post-thumbnail","hentry","category-sanita"],"_links":{"self":[{"href":"https:\/\/www.radioluna.it\/news\/wp-json\/wp\/v2\/posts\/275062","targetHints":{"allow":["GET"]}}],"collection":[{"href":"https:\/\/www.radioluna.it\/news\/wp-json\/wp\/v2\/posts"}],"about":[{"href":"https:\/\/www.radioluna.it\/news\/wp-json\/wp\/v2\/types\/post"}],"author":[{"embeddable":true,"href":"https:\/\/www.radioluna.it\/news\/wp-json\/wp\/v2\/users\/62"}],"replies":[{"embeddable":true,"href":"https:\/\/www.radioluna.it\/news\/wp-json\/wp\/v2\/comments?post=275062"}],"version-history":[{"count":0,"href":"https:\/\/www.radioluna.it\/news\/wp-json\/wp\/v2\/posts\/275062\/revisions"}],"wp:featuredmedia":[{"embeddable":true,"href":"https:\/\/www.radioluna.it\/news\/wp-json\/wp\/v2\/media\/275063"}],"wp:attachment":[{"href":"https:\/\/www.radioluna.it\/news\/wp-json\/wp\/v2\/media?parent=275062"}],"wp:term":[{"taxonomy":"category","embeddable":true,"href":"https:\/\/www.radioluna.it\/news\/wp-json\/wp\/v2\/categories?post=275062"},{"taxonomy":"post_tag","embeddable":true,"href":"https:\/\/www.radioluna.it\/news\/wp-json\/wp\/v2\/tags?post=275062"}],"curies":[{"name":"wp","href":"https:\/\/api.w.org\/{rel}","templated":true}]}}