{"id":275136,"date":"2020-09-26T11:28:53","date_gmt":"2020-09-26T09:28:53","guid":{"rendered":"https:\/\/www.radioluna.it\/news\/?p=275136"},"modified":"2020-09-28T08:03:04","modified_gmt":"2020-09-28T06:03:04","slug":"ram-festival","status":"publish","type":"post","link":"https:\/\/www.radioluna.it\/news\/2020\/09\/ram-festival\/","title":{"rendered":"Latina, al Circolo Cittadino RAM &#8211; Festival della Voce e delle Arti"},"content":{"rendered":"<div id=\"fb-root\"><\/div>\n<p style=\"text-align: justify;\"><strong>LATINA &#8211;<\/strong> <strong>Sabato 26 settembre al Circolo Cittadino di Latina<\/strong> (dalle 10 e fino al pomeriggio) torna il <strong>\u00a0Festival della Voce e delle Arti<\/strong>, il primo evento pontino dedicato al mondo della voce. Artisti, interventi formativi e conferenze in un festival gratuito organizzato dal <strong>Centro di Ricerca e Formazione vocale NudaVoce diretto da Elisa Rossi.<\/strong><\/p>\n<p style=\"text-align: justify;\">&#8220;La voce \u00e8 uno strumento di comunicazione potentissimo che ci accompagna sin dal concepimento e mi sembrava doveroso\u00a0 &#8211; spiega &#8211; in un momento cos\u00ec particolare per tutte le arti,\u00a0 riportare l&#8217;attenzione sulla voce nelle sue diverse sfaccettature, nello spirito di sostenere gli artisti, i talenti e di promuovere momenti di condivisione e di socializzazione attorno all&#8217;importanza del fare e del fruire la musica&#8221;, racconta.<\/p>\n<p style=\"text-align: justify;\">Tanti gli appuntamenti rivolti ad un pubblico vario anche per et\u00e0 : si comincia con un laboratorio di improvvisazione corale, cui seguir\u00e0\u00a0 un excursus attraverso le pratiche e le rivoluzioni dell&#8217;improvvisazione vocale nel jazz; si parler\u00e0 di voce e benessere, della musica del XXI secolo e si potr\u00e0 partecipare a un laboratorio di scrittura musicale. Ad accompagnare la giornata, la mostra dell&#8217;artista Alfredo Bigioni e la presentazione del libro di Vincenzo Martorella Ascoltare\/Scrivere.<\/p>\n<p>Ci ha raccontato il senso e i particolari di questa iniziativa, la curatrice Elisa Rossi<\/p>\n<p><strong>ASCOLTA\u00a0<\/strong><\/p>\n<audio class=\"wp-audio-shortcode\" id=\"audio-275136-1\" preload=\"none\" style=\"width: 100%;\" controls=\"controls\"><source type=\"audio\/mpeg\" src=\"https:\/\/www.radioluna.it\/news\/wp-content\/uploads\/2020\/09\/elisa-rossi.mp3?_=1\" \/><a href=\"https:\/\/www.radioluna.it\/news\/wp-content\/uploads\/2020\/09\/elisa-rossi.mp3\">https:\/\/www.radioluna.it\/news\/wp-content\/uploads\/2020\/09\/elisa-rossi.mp3<\/a><\/audio>\n<p>&nbsp;<\/p>\n<p><img loading=\"lazy\" decoding=\"async\" class=\"size-full wp-image-275144 aligncenter\" src=\"https:\/\/www.radioluna.it\/news\/wp-content\/uploads\/2020\/09\/RAM-locandina-1.jpg\" alt=\"\" width=\"1280\" height=\"615\" srcset=\"https:\/\/www.radioluna.it\/news\/wp-content\/uploads\/2020\/09\/RAM-locandina-1.jpg 1280w, https:\/\/www.radioluna.it\/news\/wp-content\/uploads\/2020\/09\/RAM-locandina-1-768x369.jpg 768w\" sizes=\"auto, (max-width: 1280px) 100vw, 1280px\" \/><\/p>\n<p>&nbsp;<\/p>\n<p style=\"text-align: justify;\">Sabato <strong>26 SETTEMBRE, <\/strong>dalle ore<strong> 10.00 alle 12.30 <\/strong>e dalle <strong>16.00 alle 20.30,<\/strong> presso il Circolo Cittadino di Latina si terr\u00e0 il secondo e ultimo incontro di <strong>RAM &#8211; Festival della Voce e delle Arti<\/strong>.<br \/>\nL&#8217;evento \u00e8 organizzata dal <strong>Centro di Ricerca e Formazione Vocale NUDAVOCE<\/strong>, ideato da<strong> Elisa Rossi<\/strong>, direttrice artistica dell&#8217;evento, e realizzato con il contributo della Regione Lazio.<\/p>\n<p style=\"text-align: justify;\"><strong>RAM<\/strong> \u00e8 il primo festival sul territorio pontino dedicato al mondo della voce, una manifestazione ben articolata e caratterizzata da <strong>iniziative formative gratuite\u00a0e aperte a tutti<\/strong>.<br \/>\nL&#8217;iniziativa non verter\u00e0 solo intorno alla voce &#8211; mezzo di comunicazione e relazioni per antonomasia &#8211; ma vedr\u00e0 alternarsi momenti di alto valore artistico e formativo, con lezioni teorico-pratiche curate da <strong>didatti apprezzati a livello nazionale e internazionale.<\/strong><\/p>\n<p>&nbsp;<\/p>\n<h3>RAM: Gli Appuntamenti da Non Perdere<\/h3>\n<p style=\"text-align: justify;\">Il Festival si aprir\u00e0 la <strong>mattina<\/strong> di sabato con il <strong>Laboratorio di Improvvisazione Corale<\/strong> a cura di NUDAVOCE e diretto dal dall&#8217;insegnante di canto <strong>Elisa Rossi<\/strong>: un benvenuto per i partecipanti interessati a vivere un <strong>esperienza<\/strong> <strong>relazionale<\/strong> attraverso la voce e l&#8217;improvvisazione musicale,\u00a0 con una funzione introduttiva agli eventi formativi successivi.<\/p>\n<p style=\"text-align: justify;\">La prima didatta a parlarci delle evoluzioni dello strumento vocale in ambito jazz sar\u00e0 <strong>Elisabetta Antonini<\/strong>, cantante e compositrice talentuosa, vincitrice del prestigioso Top jazz nel 2014, apprezzatissima didatta e docente di conservatorio con all\u2019attivo numerose collaborazioni artistiche di rilievo. Sar\u00e0 lei a dirigere il secondo appuntamento dal titolo \u201c<strong>Storia, Pratiche e Rivoluzioni dell&#8217;Improvvisazione vocale<\/strong>\u201d, tra ascolti, prove ed esecuzioni pratiche.<\/p>\n<p style=\"text-align: justify;\">Nel <strong>pomeriggio<\/strong> si avvicenderanno altre due esperienze particolarmente suggestive e rilevanti. Si inizia con l&#8217;incontro \u201c<strong>Voce e Benessere &#8211; Dimensioni Sonore del Canto Armonico<\/strong>\u201d a cura del <strong>M\u00b0 Roberto Laneri<\/strong>, compositore e musicista polistrumentista, docente di conservatorio, musicologo, ricercatore e saggista esperto in canto armonico e psico-acustica. Grazie alla sua esperienza quarantennale guider\u00e0 i partecipanti lungo la storia e la pratica del canto armonico, attraversando elementi di psico-acustica, pratiche e applicazioni in ambito musicale e spirituale, immergendoci nelle vibrazioni di canti ancestrali, da secoli utilizzati per riti sacri e il riequilibrio dei centri sottili.<\/p>\n<p style=\"text-align: justify;\">La manifestazione si concluder\u00e0 con l\u2019intervento di <strong>Vincenzo Martorella<\/strong>, docente di conservatorio, storico della musica e critico musicale tra i pi\u00f9 autorevoli del nostro paese, relatore dell&#8217;evento conclusivo \u201c<strong>Riflessioni Intorno alla Musica del XXI secolo<\/strong>\u201d. Martorella presenter\u00e0 il suo ultimo libro <em>\u201cAscoltare\/Scrivere &#8211; Manuale\u00a0 (improprio e antologico) di critica musicale\u201d.<\/em> Successivamente guider\u00e0 i presenti attraverso il <strong>Laboratorio di Scrittura Musicale<\/strong>, concludendo il festiva con una lucida e doverosa analisi<strong> in merito alla funzione e al ruolo dell&#8217;arte e dell&#8217;artista, e della critica, nella societ\u00e0 moderna del XXI secolo.<\/strong><\/p>\n<p>&nbsp;<\/p>\n<p><img loading=\"lazy\" decoding=\"async\" class=\"size-full wp-image-275143 aligncenter\" src=\"https:\/\/www.radioluna.it\/news\/wp-content\/uploads\/2020\/09\/RAM-artisti-1.jpg\" alt=\"\" width=\"722\" height=\"882\" \/><\/p>\n<p>&nbsp;<\/p>\n<h3 style=\"text-align: justify;\">La Mostra Espositiva del pittore Adolfo G. Bigioni<\/h3>\n<p style=\"text-align: justify;\">Per tutta la durata dell&#8217;evento sar\u00e0 possibile ammirare la <strong>mostra espositiva<\/strong> del pittore iperrealista pontino <strong>Adolfo G. Bigioni<\/strong>, le cui abilit\u00e0 pittoriche ed espressive sono rinomate ed apprezzate in tutta Europa.<\/p>\n<p style=\"text-align: justify;\">La pittura di Bigioni mette in scena l&#8217;analogia tra \u201crealt\u00e0 e rappresentazione artistica\u201d ponendo in evidenza ai nostri occhi la verit\u00e0 degli oggetti, di cose che ci circondano ma che osserviamo senza attenzione. Sono lavori che ci costringono ad analizzare le immagini che diamo per scontate nella nostra quotidianit\u00e0. Nelle sue opere, la perfezione del reale porta con s\u00e9 le sue imperfezioni. \u201cCome su un palcoscenico ogni elemento \u00e8 sapientemente disposto per lo sguardo dell&#8217;osservatore, ogni singola ombra \u00e8 studiata per esaltarne i dettagli pi\u00f9 minuti, la luce drammaticamente orientata a sottolineare l&#8217;assenza di un contesto narrativo, ad esaltare in un certo modo il \u201cvuoto assoluto\u201d della composizione, in cui campeggia nella sua essenziale verit\u00e0 l&#8217;oggetto-soggetto\u201d (A. Fontana). Lo spirito della manifestazione, nutrito dal desiderio di realizzare una cassa armonica interagente, ove partecipanti e artisti possano risuonare insieme, vuole altres\u00ec portare ulteriormente alla luce il mondo in cui vive l&#8217;artista oggi, considerando importante sostenere momenti di condivisione e crescita personale, di socializzazione e comunicazione attraverso esperienze vocali e artistiche, rendendo consapevoli le persone del benessere prodotto del &#8220;fare e\/o fruire l&#8217;arte&#8221;, contribuendo a ravvivarne il valore, restituendogli il ruolo che gli compete e spetta, ricollocandone l&#8217;esistenza in una dimensione socialmente e culturalmente utile e rilevante, nonch\u00e9 professionalmente riconosciuta e riconoscibile.<\/p>\n<p>&nbsp;<\/p>\n<p>Per maggiori informazioni : <strong><a href=\"http:\/\/www.centroformazionenudavoce.it\/\" rel=\"nofollow \">centroformazionenudavoce.it<\/a><\/strong><\/p>\n<p>Per prenotazioni, in conformit\u00e0 con la normativa anticovid, andate su <a href=\"https:\/\/www.centroformazionenudavoce.it\/l\/ram-risonanze-artistiche-presenta-festival-della-voce-e-delle-arti\/\" target=\"_blank\" rel=\"nofollow noopener noreferrer\"><strong>questo link<\/strong><\/a> o contattate il numero <strong>333.7965028<\/strong>.<\/p>\n","protected":false},"excerpt":{"rendered":"<p>LATINA &#8211; Sabato 26 settembre al Circolo Cittadino di Latina (dalle 10 e fino al pomeriggio) torna il \u00a0Festival della Voce e delle Arti, il primo evento pontino dedicato al mondo della voce. Artisti, interventi formativi e conferenze in un festival gratuito organizzato dal Centro di Ricerca e Formazione vocale NudaVoce diretto da Elisa Rossi. [&hellip;]<\/p>\n","protected":false},"author":60,"featured_media":275145,"comment_status":"open","ping_status":"open","sticky":false,"template":"","format":"standard","meta":{"footnotes":""},"categories":[2310,15,2447],"tags":[],"class_list":["post-275136","post","type-post","status-publish","format-standard","has-post-thumbnail","hentry","category-audio","category-cultura","category-festival"],"_links":{"self":[{"href":"https:\/\/www.radioluna.it\/news\/wp-json\/wp\/v2\/posts\/275136","targetHints":{"allow":["GET"]}}],"collection":[{"href":"https:\/\/www.radioluna.it\/news\/wp-json\/wp\/v2\/posts"}],"about":[{"href":"https:\/\/www.radioluna.it\/news\/wp-json\/wp\/v2\/types\/post"}],"author":[{"embeddable":true,"href":"https:\/\/www.radioluna.it\/news\/wp-json\/wp\/v2\/users\/60"}],"replies":[{"embeddable":true,"href":"https:\/\/www.radioluna.it\/news\/wp-json\/wp\/v2\/comments?post=275136"}],"version-history":[{"count":0,"href":"https:\/\/www.radioluna.it\/news\/wp-json\/wp\/v2\/posts\/275136\/revisions"}],"wp:featuredmedia":[{"embeddable":true,"href":"https:\/\/www.radioluna.it\/news\/wp-json\/wp\/v2\/media\/275145"}],"wp:attachment":[{"href":"https:\/\/www.radioluna.it\/news\/wp-json\/wp\/v2\/media?parent=275136"}],"wp:term":[{"taxonomy":"category","embeddable":true,"href":"https:\/\/www.radioluna.it\/news\/wp-json\/wp\/v2\/categories?post=275136"},{"taxonomy":"post_tag","embeddable":true,"href":"https:\/\/www.radioluna.it\/news\/wp-json\/wp\/v2\/tags?post=275136"}],"curies":[{"name":"wp","href":"https:\/\/api.w.org\/{rel}","templated":true}]}}