{"id":275329,"date":"2020-09-25T13:10:04","date_gmt":"2020-09-25T11:10:04","guid":{"rendered":"https:\/\/www.radioluna.it\/news\/?p=275329"},"modified":"2020-09-28T08:02:12","modified_gmt":"2020-09-28T06:02:12","slug":"torna-a-latina-la-tavolata-italiana-senza-muri-per-sensibilizzare-alla-solidarieta","status":"publish","type":"post","link":"https:\/\/www.radioluna.it\/news\/2020\/09\/torna-a-latina-la-tavolata-italiana-senza-muri-per-sensibilizzare-alla-solidarieta\/","title":{"rendered":"Torna a Latina la \u201cTavolata italiana senza muri\u201d per sensibilizzare alla solidariet\u00e0"},"content":{"rendered":"<div id=\"fb-root\"><\/div>\n<p>(nella foto la prima edizione della tavolata senza muri nella Ztl di Latina)<\/p>\n<p style=\"text-align: justify;\">\u00a0<strong>LATINA<\/strong> &#8211; Torna a Latina la <strong>\u201cTavolata italiana senza muri\u201d<\/strong> che si terr\u00e0 sabato 26 settembre <strong>in piazza del Popolo sotto i portici dell&#8217;Intendenza di Finanza<\/strong>. Il Comune aderisce all\u2019edizione 2020\u00a0 dell&#8217;iniziativa organizzata a livello nazionale da <strong>Masci<\/strong> (Movimento Adulti Scout Cattolici Italiani) e <strong>Focsiv<\/strong> (Federazione degli Organismi Cristiani Servizio Internazionale Volontario) <strong>per sensibilizzare alla solidariet\u00e0, all\u2019accoglienza e alla cultura della comunit\u00e0 inclusiva<\/strong>.<\/p>\n<p style=\"text-align: justify;\">L\u2019iniziativa si svolger\u00e0 alla vigilia della Giornata Mondiale del Migrante e del Rifugiato e nel quadro delle celebrazioni del Tempo del Creato, in Piazza del Popolo, a partire dalle ore 12.00.<\/p>\n<p style=\"text-align: justify;\"><strong>Durante la Tavolata sar\u00e0 offerto un pasto preparato presso la mensa cittadina della Caritas di Latina<\/strong> e tutto l\u2019evento sar\u00e0 un\u2019occasione di convivialit\u00e0 e di condivisione di un pensiero comune espressione di valori di fratellanza, di inclusione e di accoglienza per una pacifica convivenza. La gestione avverr\u00e0 nel rispetto della normativa vigente in materia di Covid-19.<\/p>\n<p style=\"text-align: justify;\">\u00abAbbiamo aderito anche quest\u2019anno con entusiasmo all\u2019iniziativa promossa da Masci e Focsiv perch\u00e9 la consideriamo un\u2019opportunit\u00e0 importante di sensibilizzazione sui temi dell\u2019accoglienza, dell\u2019inclusione, del rispetto e della valorizzazione delle differenze\u00a0 &#8211; dice l\u2019assessora al Welfare e alle Pari Opportunit\u00e0, Patrizia Ciccarelli, dichiara &#8211;\u00a0 Temi sui quali Latina, citt\u00e0 dei diritti, \u00e8 fortemente impegnata. Certo quest\u2019anno l\u2019iniziativa risentir\u00e0 delle norme restrittive dettate dall\u2019emergenza sanitaria e pertanto il numero dei partecipanti sar\u00e0 contingentato ma comunque rappresentativo della nostra comunit\u00e0. Ritrovarsi insieme intorno a un tavolo, in un luogo simbolo delle citt\u00e0, per condividere il pasto non sar\u00e0 solo un\u2019occasione per testimoniare l\u2019impegno comune contro le tante forme di povert\u00e0, di emarginazione e di ingiustizia sociale ma sar\u00e0 anche un\u2019occasione per conoscersi meglio, consolidare le collaborazioni gi\u00e0 in essere e promuoverne di nuove. Non solo testimonianza quindi ma impegno a promuovere ulteriori sinergie nel solco della sussidiariet\u00e0, unica strada per costruire un vero welfare di comunit\u00e0\u00bb.<\/p>\n<p style=\"text-align: justify;\">\u00abIl senso della Tavolata italiana senza muri rientra nello\u00a0 spirito dell&#8217;Assessorato alla Pace &#8211; Il Sindaco di Latina, Damiano Coletta, conclude &#8211;\u00a0 Perch\u00e9 ho sempre creduto che la pace passi per i valori della solidariet\u00e0, della tolleranza, del riconoscimento delle diversit\u00e0, della volont\u00e0 di non lasciare indietro nessuno. Latina \u00e8 sempre pi\u00f9 la citt\u00e0 dei diritti, di tutti\u00bb.<\/p>\n<p style=\"text-align: justify;\"><strong>GLI ORGANIZZATORI &#8211;<\/strong> Dopo il successo dell\u2019edizione 2019, il Comune di Latina, attraverso l\u2019Assessorato alle Politiche di Welfare e Pari opportunit\u00e0, ha aderito co-organizzando l\u2019evento insieme alle comunit\u00e0 Masci e Focsiv presenti sul territorio pontino, con il coinvolgimento diretto del Siproimi \u2013 il Sistema di accoglienza per rifugiati e minori non accompagnati gestito dal Comune attraverso le cooperative \u201cIl Quadrifoglio\u201d e \u201cAstrolabio\u201d \u2013 e il supporto degli uffici diocesani di Caritas e Migrantes di Latina.<\/p>\n","protected":false},"excerpt":{"rendered":"<p>(nella foto la prima edizione della tavolata senza muri nella Ztl di Latina) \u00a0LATINA &#8211; Torna a Latina la \u201cTavolata italiana senza muri\u201d che si terr\u00e0 sabato 26 settembre in piazza del Popolo sotto i portici dell&#8217;Intendenza di Finanza. Il Comune aderisce all\u2019edizione 2020\u00a0 dell&#8217;iniziativa organizzata a livello nazionale da Masci (Movimento Adulti Scout Cattolici [&hellip;]<\/p>\n","protected":false},"author":60,"featured_media":248318,"comment_status":"open","ping_status":"open","sticky":false,"template":"","format":"standard","meta":{"footnotes":""},"categories":[16],"tags":[],"class_list":["post-275329","post","type-post","status-publish","format-standard","has-post-thumbnail","hentry","category-appuntamenti"],"_links":{"self":[{"href":"https:\/\/www.radioluna.it\/news\/wp-json\/wp\/v2\/posts\/275329","targetHints":{"allow":["GET"]}}],"collection":[{"href":"https:\/\/www.radioluna.it\/news\/wp-json\/wp\/v2\/posts"}],"about":[{"href":"https:\/\/www.radioluna.it\/news\/wp-json\/wp\/v2\/types\/post"}],"author":[{"embeddable":true,"href":"https:\/\/www.radioluna.it\/news\/wp-json\/wp\/v2\/users\/60"}],"replies":[{"embeddable":true,"href":"https:\/\/www.radioluna.it\/news\/wp-json\/wp\/v2\/comments?post=275329"}],"version-history":[{"count":0,"href":"https:\/\/www.radioluna.it\/news\/wp-json\/wp\/v2\/posts\/275329\/revisions"}],"wp:featuredmedia":[{"embeddable":true,"href":"https:\/\/www.radioluna.it\/news\/wp-json\/wp\/v2\/media\/248318"}],"wp:attachment":[{"href":"https:\/\/www.radioluna.it\/news\/wp-json\/wp\/v2\/media?parent=275329"}],"wp:term":[{"taxonomy":"category","embeddable":true,"href":"https:\/\/www.radioluna.it\/news\/wp-json\/wp\/v2\/categories?post=275329"},{"taxonomy":"post_tag","embeddable":true,"href":"https:\/\/www.radioluna.it\/news\/wp-json\/wp\/v2\/tags?post=275329"}],"curies":[{"name":"wp","href":"https:\/\/api.w.org\/{rel}","templated":true}]}}