{"id":275355,"date":"2020-09-25T18:24:13","date_gmt":"2020-09-25T16:24:13","guid":{"rendered":"https:\/\/www.radioluna.it\/news\/?p=275355"},"modified":"2020-09-25T18:24:13","modified_gmt":"2020-09-25T16:24:13","slug":"latina-calcio-1932-in-arrivo-tre-under","status":"publish","type":"post","link":"https:\/\/www.radioluna.it\/news\/2020\/09\/latina-calcio-1932-in-arrivo-tre-under\/","title":{"rendered":"Latina calcio 1932, in arrivo tre Under"},"content":{"rendered":"<div id=\"fb-root\"><\/div>\n<p style=\"text-align: justify;\">Un nuovo under in arrivo per il Latina Calcio 1932 e la firma sul contratto per i tre under autorizzati ad allenarsi agli ordini di mister Scudieri, la cui firma poteva arrivare solo dopo il primo settembre in virt\u00f9 del contratto che li legava alla Ternana in serie C.\u00a0Il nuovo under gi\u00e0 visto negli allenamenti congiunti del sodalizio nerazzurro ha sottoscritto il contratto in data odierna e sar\u00e0 quindi a disposizione di mister Scudieri gi\u00e0 da domenica per la partita contro il Gladiator che si disputer\u00e0 a porte chiuse allo stadio Francioni con fischio di inizio alle ore 15,00 che segner\u00e0 la nuova stagione del Latina Calcio 1932.<\/p>\n<p style=\"text-align: justify;\">Si tratta di Andrea Giorgini, Difensore Centrale classe 2002 ha militato nelle giovanili dell\u2019Ascoli e proviene dal Fano.\u00a0Stessa firma sul contratto anche per Filippo Vinacri, difensore centrale classe 2002 pi\u00f9 volte convocato in Nazionale Under 17 di Lega Pro, Simone Di Bartolomeo classe 2001 attaccante romano cresciuto nelle giovanili della Roma e Gianni Calagna classe 2001 nato a Partinico (sicilia) Ala destra cresciuto nelle giovanili del Brescia.<\/p>\n<p style=\"text-align: justify;\">E intanto definita anche la guida medica dei nerazzurri. Il dottor Claudio Di Emma, nato a Sezze (Lt) il\u00a0 10\/09\/1954, medico sportivo e specialista in urologia, sar\u00e0 il nuovo medico sociale della prossima stagione 2020\/2021.<\/p>\n","protected":false},"excerpt":{"rendered":"<p>Un nuovo under in arrivo per il Latina Calcio 1932 e la firma sul contratto per i tre under autorizzati ad allenarsi agli ordini di mister Scudieri, la cui firma poteva arrivare solo dopo il primo settembre in virt\u00f9 del contratto che li legava alla Ternana in serie C.\u00a0Il nuovo under gi\u00e0 visto negli allenamenti [&hellip;]<\/p>\n","protected":false},"author":60,"featured_media":0,"comment_status":"open","ping_status":"open","sticky":false,"template":"","format":"standard","meta":{"footnotes":""},"categories":[17],"tags":[],"class_list":["post-275355","post","type-post","status-publish","format-standard","hentry","category-sport"],"_links":{"self":[{"href":"https:\/\/www.radioluna.it\/news\/wp-json\/wp\/v2\/posts\/275355","targetHints":{"allow":["GET"]}}],"collection":[{"href":"https:\/\/www.radioluna.it\/news\/wp-json\/wp\/v2\/posts"}],"about":[{"href":"https:\/\/www.radioluna.it\/news\/wp-json\/wp\/v2\/types\/post"}],"author":[{"embeddable":true,"href":"https:\/\/www.radioluna.it\/news\/wp-json\/wp\/v2\/users\/60"}],"replies":[{"embeddable":true,"href":"https:\/\/www.radioluna.it\/news\/wp-json\/wp\/v2\/comments?post=275355"}],"version-history":[{"count":0,"href":"https:\/\/www.radioluna.it\/news\/wp-json\/wp\/v2\/posts\/275355\/revisions"}],"wp:attachment":[{"href":"https:\/\/www.radioluna.it\/news\/wp-json\/wp\/v2\/media?parent=275355"}],"wp:term":[{"taxonomy":"category","embeddable":true,"href":"https:\/\/www.radioluna.it\/news\/wp-json\/wp\/v2\/categories?post=275355"},{"taxonomy":"post_tag","embeddable":true,"href":"https:\/\/www.radioluna.it\/news\/wp-json\/wp\/v2\/tags?post=275355"}],"curies":[{"name":"wp","href":"https:\/\/api.w.org\/{rel}","templated":true}]}}