{"id":275375,"date":"2020-09-26T08:42:40","date_gmt":"2020-09-26T06:42:40","guid":{"rendered":"https:\/\/www.radioluna.it\/news\/?p=275375"},"modified":"2020-09-28T08:02:02","modified_gmt":"2020-09-28T06:02:02","slug":"a-sabaudia-la-voce-di-moravia-trentanni-dopo","status":"publish","type":"post","link":"https:\/\/www.radioluna.it\/news\/2020\/09\/a-sabaudia-la-voce-di-moravia-trentanni-dopo\/","title":{"rendered":"A Sabaudia &#8220;La Voce di Moravia trent&#8217;anni dopo&#8221;"},"content":{"rendered":"<div id=\"fb-root\"><\/div>\n<p style=\"text-align: justify;\"><strong>SABAUDIA &#8211;<\/strong> Per i cittadini di Sabaudia, ma anche per chi frequenta la citt\u00e0 delle dune, il suo volto era familiare: seduto al bar o al ristorante, affacciato alla finestra nella sua villa tra le dune. Sono passati trent&#8217;anni dalla morte di Alberto Moravia e la citt\u00e0 che lo ha ospitato per molti anni non lo dimentica e ha organizzato nella Corte comunale alle 18 (e spostato al chiuso in caso di maltempo), l&#8217;incontro \u201cLa voce di Moravia, trent\u2019anni dopo\u201d , ideato e curato dal professor Angelo Favaro (esperto e conoscitore dell\u2019opera e del pensiero del grande romanziere romano). Sar\u00e0 la sindaca Giada Gervasi ad aprire il ricordo anche con la professoressa Florinda Nardi, docente di Letteratura italiana presso l\u2019Universit\u00e0 degli Studi di Roma \u201cTor Vergata\u201d.\u00a0 Prevista anche una performance audio-spaziale con voce di Moravia e interventi inediti, curata dal dottor Giovanni La Rosa, dalla Ludwig-Maximilians-Universit\u00e4t M\u00fcnchen. Mentre la nipote di Moravia, Gianna Cimino, si soffermer\u00e0 a conversare con i presenti, proponendo un viaggio memoriale, e offrendo in mostra 5 oggetti simbolici, appartenuti allo scrittore de \u201cGli indifferenti\u201d. In mostra alcuni volumi di Alberto Moravia nelle pi\u00f9 importanti traduzioni straniere.<\/p>\n<p style=\"text-align: justify;\">La manifestazione si fregia del Patrocinio Scientifico dell\u2019ADI, la pi\u00f9 importante Associazione degli Italianisti, presente nella penisola, e dell\u2019Universit\u00e0 degli Studi di Roma \u201cTor Vergata\u201d. Partner dell\u2019evento sono invece l\u2019Associazione culturale internazionale Edizioni Sinestesie, UniversItalia e l\u2019Associazione Sabaudia Culturando.<\/p>\n<p style=\"text-align: justify;\">Al termine della manifestazione il Sindaco, Giada Gervasi, e la signora Gianna Cimino presenteranno alla cittadinanza il logo, un vero brand culturale: \u201cSabaudia Citt\u00e0 di Moravia\u201d. Alberto Moravia era solito ripetere \u00abSabaudia, questa citt\u00e0 in stile razionale, non parla alla ragione bens\u00ec all\u2019immaginazione&#8230; mi ricorda l\u2019Africa, per me la cosa pi\u00f9 bella che esiste al mondo\u00bb: per questa e numerose altre ragioni la citt\u00e0 lo omaggia in questo importante anniversario.<\/p>\n<p>&nbsp;<\/p>\n","protected":false},"excerpt":{"rendered":"<p>SABAUDIA &#8211; Per i cittadini di Sabaudia, ma anche per chi frequenta la citt\u00e0 delle dune, il suo volto era familiare: seduto al bar o al ristorante, affacciato alla finestra nella sua villa tra le dune. Sono passati trent&#8217;anni dalla morte di Alberto Moravia e la citt\u00e0 che lo ha ospitato per molti anni non [&hellip;]<\/p>\n","protected":false},"author":62,"featured_media":275376,"comment_status":"open","ping_status":"open","sticky":false,"template":"","format":"standard","meta":{"footnotes":""},"categories":[16],"tags":[],"class_list":["post-275375","post","type-post","status-publish","format-standard","has-post-thumbnail","hentry","category-appuntamenti"],"_links":{"self":[{"href":"https:\/\/www.radioluna.it\/news\/wp-json\/wp\/v2\/posts\/275375","targetHints":{"allow":["GET"]}}],"collection":[{"href":"https:\/\/www.radioluna.it\/news\/wp-json\/wp\/v2\/posts"}],"about":[{"href":"https:\/\/www.radioluna.it\/news\/wp-json\/wp\/v2\/types\/post"}],"author":[{"embeddable":true,"href":"https:\/\/www.radioluna.it\/news\/wp-json\/wp\/v2\/users\/62"}],"replies":[{"embeddable":true,"href":"https:\/\/www.radioluna.it\/news\/wp-json\/wp\/v2\/comments?post=275375"}],"version-history":[{"count":0,"href":"https:\/\/www.radioluna.it\/news\/wp-json\/wp\/v2\/posts\/275375\/revisions"}],"wp:featuredmedia":[{"embeddable":true,"href":"https:\/\/www.radioluna.it\/news\/wp-json\/wp\/v2\/media\/275376"}],"wp:attachment":[{"href":"https:\/\/www.radioluna.it\/news\/wp-json\/wp\/v2\/media?parent=275375"}],"wp:term":[{"taxonomy":"category","embeddable":true,"href":"https:\/\/www.radioluna.it\/news\/wp-json\/wp\/v2\/categories?post=275375"},{"taxonomy":"post_tag","embeddable":true,"href":"https:\/\/www.radioluna.it\/news\/wp-json\/wp\/v2\/tags?post=275375"}],"curies":[{"name":"wp","href":"https:\/\/api.w.org\/{rel}","templated":true}]}}