{"id":275407,"date":"2020-09-26T14:23:56","date_gmt":"2020-09-26T12:23:56","guid":{"rendered":"https:\/\/www.radioluna.it\/news\/?p=275407"},"modified":"2020-09-28T08:01:49","modified_gmt":"2020-09-28T06:01:49","slug":"latina-piu-di-cento-in-piazza-del-popolo-per-la-tavolata-senza-muri","status":"publish","type":"post","link":"https:\/\/www.radioluna.it\/news\/2020\/09\/latina-piu-di-cento-in-piazza-del-popolo-per-la-tavolata-senza-muri\/","title":{"rendered":"Latina, pi\u00f9 di cento in Piazza del Popolo per la Tavolata senza Muri"},"content":{"rendered":"<div id=\"fb-root\"><\/div>\n<p style=\"text-align: justify;\"><strong> <img loading=\"lazy\" decoding=\"async\" class=\"aligncenter size-full wp-image-275410\" src=\"https:\/\/www.radioluna.it\/news\/wp-content\/uploads\/2020\/09\/tavolata.jpg\" alt=\"\" width=\"1600\" height=\"1200\" srcset=\"https:\/\/www.radioluna.it\/news\/wp-content\/uploads\/2020\/09\/tavolata.jpg 1600w, https:\/\/www.radioluna.it\/news\/wp-content\/uploads\/2020\/09\/tavolata-768x576.jpg 768w, https:\/\/www.radioluna.it\/news\/wp-content\/uploads\/2020\/09\/tavolata-1536x1152.jpg 1536w\" sizes=\"auto, (max-width: 1600px) 100vw, 1600px\" \/>LATINA &#8211; Oltre cento persone sedute a tavola sotto i portici dell\u2019Intendenza di Finanza di Piazza del Popolo a Latina<\/strong> rispettando le norme anti covid per la \u201cTavolata italiana senza muri\u201d\u00a0 organizzata dai gruppi locali del <strong>Masci<\/strong> (Movimento Adulti Scout Cattolici Italiani), <strong>Focsiv<\/strong> (Federazione degli Organismi Cristiani Servizio Internazionale Volontario) e <strong>Caritas Migrantes<\/strong> con il supporto del <strong>Siproimi<\/strong> per sensibilizzare alla solidariet\u00e0, all\u2019accoglienza e alla cultura della comunit\u00e0 inclusiva.<\/p>\n<p style=\"text-align: justify;\">Cento ospiti e 30 volontari che a partire da mezzogionro hanno servito i pasti preparati alla Mensa diocesana. Presenti<strong> il sindaco di Latina, Damiano Coletta e il vescovo Mariano Crociata<\/strong>.<\/p>\n<p style=\"text-align: justify;\">Com\u2019\u00e8 andata lo abbiamo chiesto <strong>all\u2019assessora ai servizi sociali Patrizia Ciccarelli:<\/strong> &#8220;Sono molto soddisfatta, \u00e8 la dimostrazione che possiamo lavorare per creare una comunit\u00e0 sempre pi\u00f9 inclusiva, accogliente ed \u00e8 stata anche un&#8217;utile occasione di incontro tra le diverse realt\u00e0 che operano in questo ambito e da cui sono gi\u00e0 nata idee per nuove progettualit\u00e0&#8221;.<\/p>\n<p style=\"text-align: justify;\">ASCOLTA<\/p>\n<audio class=\"wp-audio-shortcode\" id=\"audio-275407-1\" preload=\"none\" style=\"width: 100%;\" controls=\"controls\"><source type=\"audio\/mpeg\" src=\"https:\/\/www.radioluna.it\/news\/wp-content\/uploads\/2020\/09\/ciccarelli-tavolata-senza-muri.mp3?_=1\" \/><a href=\"https:\/\/www.radioluna.it\/news\/wp-content\/uploads\/2020\/09\/ciccarelli-tavolata-senza-muri.mp3\">https:\/\/www.radioluna.it\/news\/wp-content\/uploads\/2020\/09\/ciccarelli-tavolata-senza-muri.mp3<\/a><\/audio>\n","protected":false},"excerpt":{"rendered":"<p>LATINA &#8211; Oltre cento persone sedute a tavola sotto i portici dell\u2019Intendenza di Finanza di Piazza del Popolo a Latina rispettando le norme anti covid per la \u201cTavolata italiana senza muri\u201d\u00a0 organizzata dai gruppi locali del Masci (Movimento Adulti Scout Cattolici Italiani), Focsiv (Federazione degli Organismi Cristiani Servizio Internazionale Volontario) e Caritas Migrantes con il [&hellip;]<\/p>\n","protected":false},"author":62,"featured_media":275409,"comment_status":"open","ping_status":"open","sticky":false,"template":"","format":"standard","meta":{"footnotes":""},"categories":[735,2310],"tags":[],"class_list":["post-275407","post","type-post","status-publish","format-standard","has-post-thumbnail","hentry","category-attualita","category-audio"],"_links":{"self":[{"href":"https:\/\/www.radioluna.it\/news\/wp-json\/wp\/v2\/posts\/275407","targetHints":{"allow":["GET"]}}],"collection":[{"href":"https:\/\/www.radioluna.it\/news\/wp-json\/wp\/v2\/posts"}],"about":[{"href":"https:\/\/www.radioluna.it\/news\/wp-json\/wp\/v2\/types\/post"}],"author":[{"embeddable":true,"href":"https:\/\/www.radioluna.it\/news\/wp-json\/wp\/v2\/users\/62"}],"replies":[{"embeddable":true,"href":"https:\/\/www.radioluna.it\/news\/wp-json\/wp\/v2\/comments?post=275407"}],"version-history":[{"count":0,"href":"https:\/\/www.radioluna.it\/news\/wp-json\/wp\/v2\/posts\/275407\/revisions"}],"wp:featuredmedia":[{"embeddable":true,"href":"https:\/\/www.radioluna.it\/news\/wp-json\/wp\/v2\/media\/275409"}],"wp:attachment":[{"href":"https:\/\/www.radioluna.it\/news\/wp-json\/wp\/v2\/media?parent=275407"}],"wp:term":[{"taxonomy":"category","embeddable":true,"href":"https:\/\/www.radioluna.it\/news\/wp-json\/wp\/v2\/categories?post=275407"},{"taxonomy":"post_tag","embeddable":true,"href":"https:\/\/www.radioluna.it\/news\/wp-json\/wp\/v2\/tags?post=275407"}],"curies":[{"name":"wp","href":"https:\/\/api.w.org\/{rel}","templated":true}]}}