{"id":275432,"date":"2020-09-27T10:37:42","date_gmt":"2020-09-27T08:37:42","guid":{"rendered":"https:\/\/www.radioluna.it\/news\/?p=275432"},"modified":"2020-09-27T11:38:30","modified_gmt":"2020-09-27T09:38:30","slug":"sanita-pontina-moscardelli-uneccellenza","status":"publish","type":"post","link":"https:\/\/www.radioluna.it\/news\/2020\/09\/sanita-pontina-moscardelli-uneccellenza\/","title":{"rendered":"Sanit\u00e0 pontina, Moscardelli: &#8220;Un&#8217;eccellenza&#8221;"},"content":{"rendered":"<div id=\"fb-root\"><\/div>\n<p style=\"text-align: justify;\"><strong>LATINA &#8211;<\/strong> L\u2019Asl di Latina ha ottenuto l\u2019ennesimo riconoscimento sulla qualit\u00e0 dei servizi che eroga. \u00c8 tra i vincitori dell\u2019edizione 2020 del Premio Innovazione Digitale in sanit\u00e0 della Scuola FI Management del Politecnico di Milano. La nostra ASL \u00e8 stata premiata nella categoria \u201cGestione emergenza Covid 19 nell\u2019ospedale e sul territorio\u201d.<\/p>\n<p style=\"text-align: justify;\">&#8220;Il DG Casati e il suo team hanno conseguito questo riconoscimento in quanto la Asl si \u00e8 distinta per un protocollo di tele-monitoraggio domiciliare per i pazienti Covid-19, che ha permesso di intercettare precocemente eventuali situazioni di peggioramento clinico, di erogare servizi di cure a domicilio per i pazienti positivi con sintomatologia non grave e di garantire una risposta sanitaria territoriale in linea con le direttive regionali. Una centrale di monitoraggio composta da personale infermieristico dedicato, con consulenze specialistiche pneumologiche di supporto e interazione con la Medicina del Territorio&#8221;, lo dice il segretario provinciale del Pd Claudio Moscardelli che continua: &#8220;L\u2019innalzamento della qualit\u00e0 dei servizi erogati dalla Asl di Latina \u00e8 un dato di fatto riconosciuto.\u00a0 Il potenziamento della medicina territoriale, l\u2019utilizzo della tecnologia per migliorare il servizio ai pazienti insieme ad alcuni traguardi conseguiti hanno posto la Provoncia di Latina all\u2019attenzione regionale e nazionale. L\u2019ospedale di Latina \u00e8 nella fase finale di accreditamento come DEA di II livello, unico ospedale fuori Roma con le alte specialit\u00e0. Non siamo pi\u00f9 tributari di Roma e Latina \u00e8 punto di riferimento. Il PD \u00e8 impegnato a stimolare su tutto il territorio provinciale gli investimenti in strutture ospedaliere e territoriali , nel personale sanitario e nella diagnostica. La qualit\u00e0 cresce secondo un nuovo modello con al centro la persona e le sue esigenze di salute, superando la centralit\u00e0 delle strutture e dei contenitori in generale. Programmazione, organizzazione e reclutamento portati avanti dal team di Casati hanno dato eccellenti risultati ed occorre proseguire su questa strada .\u00a0Si procede negli investimenti in sanit\u00e0 e non si aspetta il MES. La Regione aveva gi\u00e0 rifinanziato l\u2019ospedale del Golfo e lo studio di fattibilit\u00e0 \u00e8 all\u2019approvazione della Regione per andare in gara d\u2019appalto. Sull\u2019ospedale di Latina si investe sulla struttura attuale (9 milioni di euro per nuova ala dell\u2019ospedale e ultimazione lavoro pronto soccorso) , sul personale e sulla diagnostica. Per il nuovo ospedale ricordo che dopo tanti anni di commissariamento il PD si \u00e8 mosso tempestivamente per impegnare la Regione utilizzando le risorse gi\u00e0 disponibili con la legge sull\u2019edilizia sanitaria. Con la fine del commissariamento per il debito si \u00e8 liberato un miliardo di euro per il Lazio. Dopo la mozione di un anno fa proposta dai Consiglieri regionali PD della provincia e approvata all\u2019unanimit\u00e0 in Consiglio Regionale, il PD a dicembre scorso ha incontrato l\u2019assessore D\u2019Amato il quale di concerto con il Presidente Zingaretti ha deciso di prevedere e di finanziare il nuovo ospedale di Latina su 13 ettari di propriet\u00e0 della Regione a Borgo Piave. \u00c8 stato emanato dal Presidente Zingaretti il provvedimento formale dell\u2019inserimento nella nuova rete ospedaliera del nuovo ospedale di Latina ed \u00e8 stato finanziato dal Ministero per 60 milioni di euro per l\u2019aspetto energetico e altri 240 milioni sono destinati dalla Regione Lazio dal fondo di 1 miliardo per il Lazio della legge per l\u2019edilizia sanitaria .<\/p>\n<p>Non si aspetta il Mes e non ci sono progetti di finanza ma il finanziamento pubblico integrale. I fondi sono interamente pubblici e ci\u00f2 consentir\u00e0 di destinare l\u2019attuale immobile del Goretti totalmente alle esigenze della ASL di Latina risparmiando affitti e avendo spazi per servizi all\u2019utenza .<\/p>\n<p>Il PD della provincia di Latina e i due consiglieri regionali del PD hanno ottenuto la decisione concreta della Regione e c\u2019\u00e8 l\u2019impegno a seguire tutti i passaggi per andare in gara d\u2019appalto il prima possibile per la progettazione e per la realizzazione&#8221;, conclude Moscardelli.<\/p>\n","protected":false},"excerpt":{"rendered":"<p>LATINA &#8211; L\u2019Asl di Latina ha ottenuto l\u2019ennesimo riconoscimento sulla qualit\u00e0 dei servizi che eroga. \u00c8 tra i vincitori dell\u2019edizione 2020 del Premio Innovazione Digitale in sanit\u00e0 della Scuola FI Management del Politecnico di Milano. La nostra ASL \u00e8 stata premiata nella categoria \u201cGestione emergenza Covid 19 nell\u2019ospedale e sul territorio\u201d. &#8220;Il DG Casati e [&hellip;]<\/p>\n","protected":false},"author":60,"featured_media":0,"comment_status":"open","ping_status":"open","sticky":false,"template":"","format":"standard","meta":{"footnotes":""},"categories":[735],"tags":[],"class_list":["post-275432","post","type-post","status-publish","format-standard","hentry","category-attualita"],"_links":{"self":[{"href":"https:\/\/www.radioluna.it\/news\/wp-json\/wp\/v2\/posts\/275432","targetHints":{"allow":["GET"]}}],"collection":[{"href":"https:\/\/www.radioluna.it\/news\/wp-json\/wp\/v2\/posts"}],"about":[{"href":"https:\/\/www.radioluna.it\/news\/wp-json\/wp\/v2\/types\/post"}],"author":[{"embeddable":true,"href":"https:\/\/www.radioluna.it\/news\/wp-json\/wp\/v2\/users\/60"}],"replies":[{"embeddable":true,"href":"https:\/\/www.radioluna.it\/news\/wp-json\/wp\/v2\/comments?post=275432"}],"version-history":[{"count":0,"href":"https:\/\/www.radioluna.it\/news\/wp-json\/wp\/v2\/posts\/275432\/revisions"}],"wp:attachment":[{"href":"https:\/\/www.radioluna.it\/news\/wp-json\/wp\/v2\/media?parent=275432"}],"wp:term":[{"taxonomy":"category","embeddable":true,"href":"https:\/\/www.radioluna.it\/news\/wp-json\/wp\/v2\/categories?post=275432"},{"taxonomy":"post_tag","embeddable":true,"href":"https:\/\/www.radioluna.it\/news\/wp-json\/wp\/v2\/tags?post=275432"}],"curies":[{"name":"wp","href":"https:\/\/api.w.org\/{rel}","templated":true}]}}