{"id":275660,"date":"2020-09-29T19:25:41","date_gmt":"2020-09-29T17:25:41","guid":{"rendered":"https:\/\/www.radioluna.it\/news\/?p=275660"},"modified":"2020-09-29T19:25:41","modified_gmt":"2020-09-29T17:25:41","slug":"incendio-alla-loas-di-aprilia-incontro-al-ministero-dellambiente","status":"publish","type":"post","link":"https:\/\/www.radioluna.it\/news\/2020\/09\/incendio-alla-loas-di-aprilia-incontro-al-ministero-dellambiente\/","title":{"rendered":"Incendio alla Loas di Aprilia, incontro al Ministero dell&#8217;Ambiente"},"content":{"rendered":"<div id=\"fb-root\"><\/div>\n<p style=\"text-align: justify;\"><strong>LATINA<\/strong> &#8211; \u201cRitengo che sul fronte ambientale la situazione nel nord della provincia di Latina sia ormai talmente grave che non \u00e8 pi\u00f9 possibile ritardare interventi realmente incisivi. Il rogo della Loas di Aprilia ad agosto \u00e8 stata solo la punta di un iceberg di un territorio costretto a convivere con troppi rischi e troppi veleni. &#8220;. Lo dice il parlamentare di Formia Raffaele Trano che oggi ha partecipato ad un incontro che si \u00e8 tenuto presso la segreteria tecnica del Ministero per l&#8217;Ambiente\u00a0 grazie all&#8217;interessamento del Ministro Sergio Costa.<\/p>\n<p style=\"text-align: justify;\">Ne \u00e8 nato\u00a0 &#8211; spiega Trano\u00a0 &#8211; &#8220;l&#8217;impegno ad approfondire le problematiche legate alla presenza sul territorio di ben quattro stabilimenti soggetti alla direttiva Seveso III&#8221; e &#8220;di un aggiornamento dello studio epidemiologico&#8221;.<\/p>\n<p style=\"text-align: justify;\">&#8220;Oggi ritengo si sia finalmente aperto un percorso nuovo, che vede i cittadini protagonisti nella sede pi\u00f9 importante che prende decisioni in materia di ambiente. Le loro proposte sui controlli e sulle modifiche delle leggi in tema ambientale sono state prese in considerazione e saranno valutate nel corso delle prossime riunioni tecniche. Io ho fatto solo da tramite. Credo sia questo uno dei compiti di un parlamentare, un dovere verso il territorio che lo ha scelto, e ai cittadini di Aprilia dico che da oggi si volta pagina. Grazie all\u2019attenzione del ministro Costa spero che sia stata imboccata la strada giusta\u201d.<\/p>\n","protected":false},"excerpt":{"rendered":"<p>LATINA &#8211; \u201cRitengo che sul fronte ambientale la situazione nel nord della provincia di Latina sia ormai talmente grave che non \u00e8 pi\u00f9 possibile ritardare interventi realmente incisivi. Il rogo della Loas di Aprilia ad agosto \u00e8 stata solo la punta di un iceberg di un territorio costretto a convivere con troppi rischi e troppi [&hellip;]<\/p>\n","protected":false},"author":62,"featured_media":275661,"comment_status":"open","ping_status":"open","sticky":false,"template":"","format":"standard","meta":{"footnotes":""},"categories":[12],"tags":[],"class_list":["post-275660","post","type-post","status-publish","format-standard","has-post-thumbnail","hentry","category-ambiente"],"_links":{"self":[{"href":"https:\/\/www.radioluna.it\/news\/wp-json\/wp\/v2\/posts\/275660","targetHints":{"allow":["GET"]}}],"collection":[{"href":"https:\/\/www.radioluna.it\/news\/wp-json\/wp\/v2\/posts"}],"about":[{"href":"https:\/\/www.radioluna.it\/news\/wp-json\/wp\/v2\/types\/post"}],"author":[{"embeddable":true,"href":"https:\/\/www.radioluna.it\/news\/wp-json\/wp\/v2\/users\/62"}],"replies":[{"embeddable":true,"href":"https:\/\/www.radioluna.it\/news\/wp-json\/wp\/v2\/comments?post=275660"}],"version-history":[{"count":0,"href":"https:\/\/www.radioluna.it\/news\/wp-json\/wp\/v2\/posts\/275660\/revisions"}],"wp:featuredmedia":[{"embeddable":true,"href":"https:\/\/www.radioluna.it\/news\/wp-json\/wp\/v2\/media\/275661"}],"wp:attachment":[{"href":"https:\/\/www.radioluna.it\/news\/wp-json\/wp\/v2\/media?parent=275660"}],"wp:term":[{"taxonomy":"category","embeddable":true,"href":"https:\/\/www.radioluna.it\/news\/wp-json\/wp\/v2\/categories?post=275660"},{"taxonomy":"post_tag","embeddable":true,"href":"https:\/\/www.radioluna.it\/news\/wp-json\/wp\/v2\/tags?post=275660"}],"curies":[{"name":"wp","href":"https:\/\/api.w.org\/{rel}","templated":true}]}}