{"id":275751,"date":"2020-10-01T08:29:08","date_gmt":"2020-10-01T06:29:08","guid":{"rendered":"https:\/\/www.radioluna.it\/news\/?p=275751"},"modified":"2020-10-01T13:03:20","modified_gmt":"2020-10-01T11:03:20","slug":"ambiente-il-comune-di-latina-aderisce-a-puliamo-il-mondo-tre-giorni-di-attivita","status":"publish","type":"post","link":"https:\/\/www.radioluna.it\/news\/2020\/10\/ambiente-il-comune-di-latina-aderisce-a-puliamo-il-mondo-tre-giorni-di-attivita\/","title":{"rendered":"Latina, il maltempo cambia i programmi di Puliamo il Mondo"},"content":{"rendered":"<div id=\"fb-root\"><\/div>\n<p><strong>AVVISO: A CAUSA DEL MALTEMPO E&#8217; CONFERMATO SOLO IL PRIMO APPUNTAMENTO CON LE SCUOLE VENERD\u00ec A FOCEVERDE<\/strong><\/p>\n<p><strong>LATINA &#8211; <\/strong>Il Comune di Latina aderisce anche quest\u2019anno a Puliamo il Mondo, manifestazione giunta alla 28\u00b0\u00a0 edizione, che si terr\u00e0 nei giorni 2-3-4 ottobre. I volontari svolgeranno una serie di attivit\u00e0 a favore dell\u2019ambiente e del decoro di alcune aree del territorio: ci saranno associazioni, scuole, comitati di quartiere, cittadini, enti e l\u2019Azienda dei Beni Comuni ABC per la raccolta finale dei rifiuti da portare nell\u2019isola ecologica.<\/p>\n<p style=\"text-align: justify;\">\u201cQuesta edizione \u00e8 particolarmente importante \u2013 afferma Loretta Isotton, presidente della commissione Ambiente del Comune di Latina- perch\u00e9 \u00e8 la prima, cos\u00ec grande, che si svolge nell\u2019epoca Covid, e chiaramente ci saranno tutte le attenzioni del caso, ma soprattutto perch\u00e9 pone l\u2019accento sui rifiuti gettati nei corsi d\u2019acqua che poi arrivano al mare e finiscono per inquinare i fondali. Le plastiche in mare, nei canali e fiumi possono portare a morte la fauna acquatica e causare un disastro ambientale silenzioso, oltre che i ben noti problemi anche nella catena alimentare umana, quando nei pesci si trovano le microplastiche. Siamo tutti investiti di responsabilit\u00e0 verso le generazioni future, a cui non possiamo lasciare un mondo pieno di rifiuti: queste giornate servono anche per prendere coscienza di questo\u201d.<\/p>\n<p style=\"text-align: justify;\"><strong>IL CALENDIARIO &#8211; <\/strong><\/p>\n<p style=\"text-align: justify;\"><strong>2 ottobre &#8211;<\/strong> <strong>Appuntamento al Piazzale dei Navigatori a Foceverde<\/strong> alle 9,00\/ 9,30 con gli studenti del comune di Latina, grazie alla organizzazione di ABC che metter\u00e0 a disposizione dei pullman, con tutte le misure di sicurezza. Verranno distribuiti i sacchi per la raccolta differenziata e offerti dei gadget in ricordo della giornata. Gli studenti con i loro insegnanti e gli ispettori ambientali si adopereranno per pulire le aree di arenili a sinistra ma soprattutto a destra del piazzale, poich\u00e9 verso destra c\u2019\u00e8 lo sbocco del Canale delle Acque Alte. Intorno alle 11,30 \/ 12,00 ci sar\u00e0 la<br \/>\npremiazione dei tre stabilimenti balneari della nostra marina pi\u00f9 Green della stagione. Questa manifestazione \u00e8 aperta anche a chiunque, armato di buoni propositi, mascherina e guanti, vuole dare man forte e si rimbocca le maniche per pulire la spiaggia.<br \/>\n<strong>3 ottobre<\/strong> &#8211; <strong>Appuntamento alle 9,30 sul ponte di Via Epitaffio<\/strong> per le azioni di pulizia dai rifiuti nelle sponde e sotto i tre ponti\u00a0 del Canale delle Acque Medie: su via Epitaffio, quello di legno dietro Porta Nord e quello di Via dei Volsci che verr\u00e0 partecipata e coordinata dal Comune di Latina, dal Circolo Arcobaleno Pontino di Legambiente e dal Gruppo Canoisti Pontino a.s.d aderente alla VISP e il Consorzio di Bonifica. Inoltre ci sar\u00e0 la partecipazione del gruppo operativo degli Alpini Della Protezione Civile di Latina che si prenderanno cura del Ponte di Legno per una<br \/>\nmanutenzione dello stesso e pulizia dell\u2019area circostante e dell\u2019Associazione Pantanaccio che parteciper\u00e0 per la pulizia delle sponde intorno al ponte. Il pomeriggio alle 15.00 appuntamento vicino alle autolinee per pulire lo spazio adiacente con Alessio Cioeta cittadino sensibile all\u2019ambiente che ha proposto questa area bisognosa di cure.<br \/>\n<strong>4 ottobre\u00a0<\/strong> &#8211; <strong>Chiusura al traffico della Strada Lungomare tra Capoportiere e Rio Martino. <\/strong>Appuntamento alle 9,30 nel piazzale di Rio Martino con il Circolo Arcobaleno Pontino di Legambiente e le altre associazioni ambientaliste. Stesso orario 9,30 appuntamento anche sul lato di Capoportiere dove verr\u00e0 allestito uno stand all\u2019ingresso dell\u2019area pedonale: qui verranno distribuiti i sacchetti per la raccolta differenziata. Azione parallela anche in Q5 per la pulizia dello spartitraffico, dalle ore 9,30 fino alle 12,30. Appuntamento davanti alla ex edicola di Largo Cesti. Sar\u00e0 il primo appuntamento del nuovo patto di collaborazione per la cura dello spartitraffico, promosso dal comitato di quartiere Latina Oasi Verde. Partecipare muniti di mascherine e guanti personali da giardiniere.<\/p>\n<p style=\"text-align: justify;\"><strong>C\u2019\u00e8 spazio ancora per alcune adesioni: contattare su whatsapp 3483137636 <\/strong>dichiarando la partecipazione ad uno o pi\u00f9 eventi, oppure per proporre altre azioni da inserire in programma, purch\u00e9 in autonomia organizzativa<\/p>\n","protected":false},"excerpt":{"rendered":"<p>AVVISO: A CAUSA DEL MALTEMPO E&#8217; CONFERMATO SOLO IL PRIMO APPUNTAMENTO CON LE SCUOLE VENERD\u00ec A FOCEVERDE LATINA &#8211; Il Comune di Latina aderisce anche quest\u2019anno a Puliamo il Mondo, manifestazione giunta alla 28\u00b0\u00a0 edizione, che si terr\u00e0 nei giorni 2-3-4 ottobre. I volontari svolgeranno una serie di attivit\u00e0 a favore dell\u2019ambiente e del decoro [&hellip;]<\/p>\n","protected":false},"author":62,"featured_media":127805,"comment_status":"open","ping_status":"open","sticky":false,"template":"","format":"standard","meta":{"footnotes":""},"categories":[12],"tags":[],"class_list":["post-275751","post","type-post","status-publish","format-standard","has-post-thumbnail","hentry","category-ambiente"],"_links":{"self":[{"href":"https:\/\/www.radioluna.it\/news\/wp-json\/wp\/v2\/posts\/275751","targetHints":{"allow":["GET"]}}],"collection":[{"href":"https:\/\/www.radioluna.it\/news\/wp-json\/wp\/v2\/posts"}],"about":[{"href":"https:\/\/www.radioluna.it\/news\/wp-json\/wp\/v2\/types\/post"}],"author":[{"embeddable":true,"href":"https:\/\/www.radioluna.it\/news\/wp-json\/wp\/v2\/users\/62"}],"replies":[{"embeddable":true,"href":"https:\/\/www.radioluna.it\/news\/wp-json\/wp\/v2\/comments?post=275751"}],"version-history":[{"count":0,"href":"https:\/\/www.radioluna.it\/news\/wp-json\/wp\/v2\/posts\/275751\/revisions"}],"wp:featuredmedia":[{"embeddable":true,"href":"https:\/\/www.radioluna.it\/news\/wp-json\/wp\/v2\/media\/127805"}],"wp:attachment":[{"href":"https:\/\/www.radioluna.it\/news\/wp-json\/wp\/v2\/media?parent=275751"}],"wp:term":[{"taxonomy":"category","embeddable":true,"href":"https:\/\/www.radioluna.it\/news\/wp-json\/wp\/v2\/categories?post=275751"},{"taxonomy":"post_tag","embeddable":true,"href":"https:\/\/www.radioluna.it\/news\/wp-json\/wp\/v2\/tags?post=275751"}],"curies":[{"name":"wp","href":"https:\/\/api.w.org\/{rel}","templated":true}]}}