{"id":275754,"date":"2020-10-01T12:34:58","date_gmt":"2020-10-01T10:34:58","guid":{"rendered":"https:\/\/www.radioluna.it\/news\/?p=275754"},"modified":"2020-10-02T09:34:18","modified_gmt":"2020-10-02T07:34:18","slug":"orti-urbani-a-latina-otto-aree-pubbliche-sono-candidate-ad-ospitarli","status":"publish","type":"post","link":"https:\/\/www.radioluna.it\/news\/2020\/10\/orti-urbani-a-latina-otto-aree-pubbliche-sono-candidate-ad-ospitarli\/","title":{"rendered":"Orti urbani, a Latina otto aree pubbliche sono candidate a ospitarli"},"content":{"rendered":"<div id=\"fb-root\"><\/div>\n<p><em>(nella foto la presidente della Commissione Ambiente, Loretta Isotton)<\/em><\/p>\n<p style=\"text-align: justify;\"><strong>LATINA &#8211;<\/strong> A<strong> Latina ci sono otto aree verdi candidate a diventare orti urbani<\/strong> destinati alla produzione autonoma da parte dei cittadini di verdure e ortaggi per il sostentamento delle famiglie. Chi non ha un pezzo di terra da coltivare, come la maggior parte delle persone, ma sia interessato a curarne uno, potr\u00e0 dunque partecipare a un bando pubblico. Il regolamento c&#8217;\u00e8 e il tavolo Patto per Latina ha deciso di mettere le ali al progetto. Se ne \u00e8 parlato nel corso dell&#8217;ultima commissione Ambiente.<\/p>\n<p style=\"text-align: justify;\"><strong>LE AREE &#8211;<\/strong> Le aree individuato si trovano sia in citt\u00e0 che nei borghi. Tra queste, c\u2019\u00e8 il lotto di Via Cilea, vicino alla scuola Don Milani; un altro \u00e8 quello adiacente all\u2019ex asilo di via Milazzo e via Tagliamento, nel quartiere Campo Boario, recintato e con ingresso da Via Tagliamento: \u00e8 stato indicato dal comitato di quartiere come idoneo per fare orti all\u2019interno di contenitori ripieni di buona terra, si trova in un quartiere molto popolato e vicino sia al parco Berlinguer che all\u2019ex asilo ora gestito nell\u2019ambito del patto di collaborazione dal comitato di quartiere Latina Nord; a Latina Scalo c\u2019\u00e8 l\u2019area tra Via del Murillo e Via delle Camelie, gi\u00e0 recintata e dotata di un robusto cancello di ingresso; a Borgo Sabotino, vicino alla casa cantoniera e alla chiesa c\u2019\u00e8 uno spazio gi\u00e0 recintato e con un cancello di ingresso; un lotto si trova vicino a Piazza Udine tra via Palermo e via Torino. In pi\u00f9, ci sono altre aree al vaglio degli uffici, per un totale di otto.<\/p>\n<p style=\"text-align: justify;\"><strong>PERCHE&#8217; UN ORTO URBANO<\/strong>\u00a0 &#8211; \u201cAbbiamo deciso di sostenere al Tavolo permanente \u201cPatto per Latina\u201d la realizzazione e l\u2019assegnazione degli Orti Urbani: una proposta veloce e concreta \u2013 sottolinea la <strong>presidente della Commissione Ambiente del Comune Loretta Isotton<\/strong> \u2013 gi\u00e0 nel programma di questa amministrazione e sollecitata anche dai comitati di quartiere e associazioni. Gli orti urbani rappresentano una possibilit\u00e0 reale di produrre autonomamente verdure e ortaggi per il sostentamento delle famiglie, cos\u00ec come avviene gi\u00e0 da tanto tempo in molti comuni italiani. A Latina abbiamo approvato il relativo regolamento nel luglio del 2018: \u00e8 stato un lavoro condiviso, votato e approvato dalla maggioranza e dalle forze di minoranza, a riconoscimento della forte valenza sociale del progetto. <strong>Un orto urbano fa bene allo spirito, valorizza il quartiere, favorisce la partecipazione sociale e la reciprocit\u00e0, oltre che un\u2019alimentazione fondamentalmente biologico e pi\u00f9 sana<\/strong>. Il Comune di Latina si far\u00e0 carico della delimitazione dei lotti che non sono recintati, fornir\u00e0 gli allacci idrici e collaborer\u00e0 a preparare il terreno bonificando dalle piante infestanti, oppure metter\u00e0 a disposizione contenitori porta terra dove gli orti non saranno realizzati direttamente nel terreno. Le aree saranno assegnate tramite bando pubblico\u201d.<\/p>\n<p>I<\/p>\n","protected":false},"excerpt":{"rendered":"<p>(nella foto la presidente della Commissione Ambiente, Loretta Isotton) LATINA &#8211; A Latina ci sono otto aree verdi candidate a diventare orti urbani destinati alla produzione autonoma da parte dei cittadini di verdure e ortaggi per il sostentamento delle famiglie. Chi non ha un pezzo di terra da coltivare, come la maggior parte delle persone, [&hellip;]<\/p>\n","protected":false},"author":62,"featured_media":275781,"comment_status":"open","ping_status":"open","sticky":false,"template":"","format":"standard","meta":{"footnotes":""},"categories":[12],"tags":[],"class_list":["post-275754","post","type-post","status-publish","format-standard","has-post-thumbnail","hentry","category-ambiente"],"_links":{"self":[{"href":"https:\/\/www.radioluna.it\/news\/wp-json\/wp\/v2\/posts\/275754","targetHints":{"allow":["GET"]}}],"collection":[{"href":"https:\/\/www.radioluna.it\/news\/wp-json\/wp\/v2\/posts"}],"about":[{"href":"https:\/\/www.radioluna.it\/news\/wp-json\/wp\/v2\/types\/post"}],"author":[{"embeddable":true,"href":"https:\/\/www.radioluna.it\/news\/wp-json\/wp\/v2\/users\/62"}],"replies":[{"embeddable":true,"href":"https:\/\/www.radioluna.it\/news\/wp-json\/wp\/v2\/comments?post=275754"}],"version-history":[{"count":0,"href":"https:\/\/www.radioluna.it\/news\/wp-json\/wp\/v2\/posts\/275754\/revisions"}],"wp:featuredmedia":[{"embeddable":true,"href":"https:\/\/www.radioluna.it\/news\/wp-json\/wp\/v2\/media\/275781"}],"wp:attachment":[{"href":"https:\/\/www.radioluna.it\/news\/wp-json\/wp\/v2\/media?parent=275754"}],"wp:term":[{"taxonomy":"category","embeddable":true,"href":"https:\/\/www.radioluna.it\/news\/wp-json\/wp\/v2\/categories?post=275754"},{"taxonomy":"post_tag","embeddable":true,"href":"https:\/\/www.radioluna.it\/news\/wp-json\/wp\/v2\/tags?post=275754"}],"curies":[{"name":"wp","href":"https:\/\/api.w.org\/{rel}","templated":true}]}}