{"id":275761,"date":"2020-10-01T12:19:22","date_gmt":"2020-10-01T10:19:22","guid":{"rendered":"https:\/\/www.radioluna.it\/news\/?p=275761"},"modified":"2020-10-01T13:55:39","modified_gmt":"2020-10-01T11:55:39","slug":"rientro-a-scuola-quel-patto-di-corresponsabilita-che-mette-ansia-ma-ci-aiuta","status":"publish","type":"post","link":"https:\/\/www.radioluna.it\/news\/2020\/10\/rientro-a-scuola-quel-patto-di-corresponsabilita-che-mette-ansia-ma-ci-aiuta\/","title":{"rendered":"Rientro a scuola, quel Patto di corresponsabilit\u00e0 che mette ansia, ma ci aiuta"},"content":{"rendered":"<div id=\"fb-root\"><\/div>\n<p style=\"text-align: justify;\"><strong>LATINA &#8211;<\/strong> C&#8217;\u00e8 un documento che si chiama &#8220;Patto educativo di corresponsabilit\u00e0&#8221; che impegna al rispetto di alcune regole, scuola e famiglie in un&#8217;ottica di partecipazione al processo educativo. Non \u00e8 una novit\u00e0, ma con il Covid, l&#8217; impegno condiviso, pu\u00f2 spaventare ed essere motivo di ansia. &#8220;Invece, al contrario. l&#8217;esistenza di regole deve tranquilllizzarci&#8221;. L&#8217;invito alle famiglie \u00e8 a prendersi un po&#8217; di tempo per leggere il Patto educativo di corresponsabilit\u00e0 insieme e\u00a0 condividerne i contenuti, magari seduti attorno a un tavolo.<\/p>\n<p><strong>PARLIAMONE INSIEME<\/strong><\/p>\n<audio class=\"wp-audio-shortcode\" id=\"audio-275761-1\" preload=\"none\" style=\"width: 100%;\" controls=\"controls\"><source type=\"audio\/mpeg\" src=\"https:\/\/www.radioluna.it\/news\/wp-content\/uploads\/2020\/10\/micoli-patto-29-settembre-1.mp3?_=1\" \/><a href=\"https:\/\/www.radioluna.it\/news\/wp-content\/uploads\/2020\/10\/micoli-patto-29-settembre-1.mp3\">https:\/\/www.radioluna.it\/news\/wp-content\/uploads\/2020\/10\/micoli-patto-29-settembre-1.mp3<\/a><\/audio>\n<p style=\"text-align: justify;\">\n","protected":false},"excerpt":{"rendered":"<p>LATINA &#8211; C&#8217;\u00e8 un documento che si chiama &#8220;Patto educativo di corresponsabilit\u00e0&#8221; che impegna al rispetto di alcune regole, scuola e famiglie in un&#8217;ottica di partecipazione al processo educativo. Non \u00e8 una novit\u00e0, ma con il Covid, l&#8217; impegno condiviso, pu\u00f2 spaventare ed essere motivo di ansia. &#8220;Invece, al contrario. l&#8217;esistenza di regole deve tranquilllizzarci&#8221;. [&hellip;]<\/p>\n","protected":false},"author":5438,"featured_media":275791,"comment_status":"open","ping_status":"open","sticky":false,"template":"","format":"standard","meta":{"footnotes":""},"categories":[2775],"tags":[],"class_list":["post-275761","post","type-post","status-publish","format-standard","has-post-thumbnail","hentry","category-societa"],"_links":{"self":[{"href":"https:\/\/www.radioluna.it\/news\/wp-json\/wp\/v2\/posts\/275761","targetHints":{"allow":["GET"]}}],"collection":[{"href":"https:\/\/www.radioluna.it\/news\/wp-json\/wp\/v2\/posts"}],"about":[{"href":"https:\/\/www.radioluna.it\/news\/wp-json\/wp\/v2\/types\/post"}],"author":[{"embeddable":true,"href":"https:\/\/www.radioluna.it\/news\/wp-json\/wp\/v2\/users\/5438"}],"replies":[{"embeddable":true,"href":"https:\/\/www.radioluna.it\/news\/wp-json\/wp\/v2\/comments?post=275761"}],"version-history":[{"count":0,"href":"https:\/\/www.radioluna.it\/news\/wp-json\/wp\/v2\/posts\/275761\/revisions"}],"wp:featuredmedia":[{"embeddable":true,"href":"https:\/\/www.radioluna.it\/news\/wp-json\/wp\/v2\/media\/275791"}],"wp:attachment":[{"href":"https:\/\/www.radioluna.it\/news\/wp-json\/wp\/v2\/media?parent=275761"}],"wp:term":[{"taxonomy":"category","embeddable":true,"href":"https:\/\/www.radioluna.it\/news\/wp-json\/wp\/v2\/categories?post=275761"},{"taxonomy":"post_tag","embeddable":true,"href":"https:\/\/www.radioluna.it\/news\/wp-json\/wp\/v2\/tags?post=275761"}],"curies":[{"name":"wp","href":"https:\/\/api.w.org\/{rel}","templated":true}]}}