{"id":275792,"date":"2020-10-01T14:04:56","date_gmt":"2020-10-01T12:04:56","guid":{"rendered":"https:\/\/www.radioluna.it\/news\/?p=275792"},"modified":"2020-10-01T14:04:56","modified_gmt":"2020-10-01T12:04:56","slug":"a-latina-arriva-il-riconoscimento-de-co-per-le-eccellenze-del-territorio","status":"publish","type":"post","link":"https:\/\/www.radioluna.it\/news\/2020\/10\/a-latina-arriva-il-riconoscimento-de-co-per-le-eccellenze-del-territorio\/","title":{"rendered":"A Latina arriva il riconoscimento De.Co. per le eccellenze del territorio"},"content":{"rendered":"<div id=\"fb-root\"><\/div>\n<p style=\"text-align: justify;\"><strong>LATINA<\/strong> &#8211;\u00a0 Anche a Latina arriva la \u201cDenominazione Comunale\u201d, il riconoscimento ad uno specifico prodotto che, per le sue caratteristiche, \u00e8 presente solo nel nostro territorio. L\u2019appuntamento per la condivisione del regolamento comunale delle De.Co. sar\u00e0 l\u20198 ottobre alle ore 15,30 in Sala De Pasquale, evento al quale sono state invitate tutte le associazioni di categoria, oltre ai Presidenti degli Ordini degli agrotecnici e agronomi.<\/p>\n<p style=\"text-align: justify;\">Un passo deciso verso la valorizzazione di eccellenze, prodotti agroalimentari ed artigianali esclusivi, perch\u00e9 ritenuti emblematici e rappresentativi, anche per storia, saperi e tradizioni &#8211; sottolineano dal Comune ricordando che De.Co. &#8220;\u00e8 marchio di garanzia di prodotti alimentari, rilasciato alle materie prime ma anche ai lavorati con delibera comunale sentito il parere di una commissione e su indirizzo di una apposita consulta, ma anche a un prodotto dell\u2019artigianato locale, a una festa, una fiera, una sagra, o una certa tecnica di coltivazione, di allevamento o di pesca&#8221;.<\/p>\n<p style=\"text-align: justify;\">Soddisfatta l&#8217;assessora alle Attivit\u00e0 Produttive, Simona Lepori: \u00abSar\u00e0 un successo, ne sono sicura, perch\u00e9 il certificato De.Co. prender\u00e0 forza dalle sinergie che si verranno naturalmente a creare. Siamo pronti come Amministrazione a supportare e affiancare nella maniera migliore ogni iniziativa che nascer\u00e0. Anzi, approfitto per ringraziare i nostri Uffici del preziosissimo lavoro di impostazione, in particolar modo il Servizio Agricoltura\u00bb.<\/p>\n","protected":false},"excerpt":{"rendered":"<p>LATINA &#8211;\u00a0 Anche a Latina arriva la \u201cDenominazione Comunale\u201d, il riconoscimento ad uno specifico prodotto che, per le sue caratteristiche, \u00e8 presente solo nel nostro territorio. L\u2019appuntamento per la condivisione del regolamento comunale delle De.Co. sar\u00e0 l\u20198 ottobre alle ore 15,30 in Sala De Pasquale, evento al quale sono state invitate tutte le associazioni di [&hellip;]<\/p>\n","protected":false},"author":62,"featured_media":272192,"comment_status":"open","ping_status":"open","sticky":false,"template":"","format":"standard","meta":{"footnotes":""},"categories":[2403],"tags":[],"class_list":["post-275792","post","type-post","status-publish","format-standard","has-post-thumbnail","hentry","category-le-cose-in-comune"],"_links":{"self":[{"href":"https:\/\/www.radioluna.it\/news\/wp-json\/wp\/v2\/posts\/275792","targetHints":{"allow":["GET"]}}],"collection":[{"href":"https:\/\/www.radioluna.it\/news\/wp-json\/wp\/v2\/posts"}],"about":[{"href":"https:\/\/www.radioluna.it\/news\/wp-json\/wp\/v2\/types\/post"}],"author":[{"embeddable":true,"href":"https:\/\/www.radioluna.it\/news\/wp-json\/wp\/v2\/users\/62"}],"replies":[{"embeddable":true,"href":"https:\/\/www.radioluna.it\/news\/wp-json\/wp\/v2\/comments?post=275792"}],"version-history":[{"count":0,"href":"https:\/\/www.radioluna.it\/news\/wp-json\/wp\/v2\/posts\/275792\/revisions"}],"wp:featuredmedia":[{"embeddable":true,"href":"https:\/\/www.radioluna.it\/news\/wp-json\/wp\/v2\/media\/272192"}],"wp:attachment":[{"href":"https:\/\/www.radioluna.it\/news\/wp-json\/wp\/v2\/media?parent=275792"}],"wp:term":[{"taxonomy":"category","embeddable":true,"href":"https:\/\/www.radioluna.it\/news\/wp-json\/wp\/v2\/categories?post=275792"},{"taxonomy":"post_tag","embeddable":true,"href":"https:\/\/www.radioluna.it\/news\/wp-json\/wp\/v2\/tags?post=275792"}],"curies":[{"name":"wp","href":"https:\/\/api.w.org\/{rel}","templated":true}]}}