{"id":276088,"date":"2020-10-06T16:03:42","date_gmt":"2020-10-06T14:03:42","guid":{"rendered":"https:\/\/www.radioluna.it\/news\/?p=276088"},"modified":"2020-10-07T10:43:11","modified_gmt":"2020-10-07T08:43:11","slug":"covid-19-nuova-impennata-a-latina-e-provincia-oggi-i-contagiati-sono-49","status":"publish","type":"post","link":"https:\/\/www.radioluna.it\/news\/2020\/10\/covid-19-nuova-impennata-a-latina-e-provincia-oggi-i-contagiati-sono-49\/","title":{"rendered":"Covid-19, nuova impennata a Latina e provincia: oggi i contagiati sono 49"},"content":{"rendered":"<div id=\"fb-root\"><\/div>\n<p style=\"text-align: justify;\"><strong>LATINA &#8211;<\/strong> <strong>Sono 49 i nuovi positivi a Latina e provincia<\/strong>. Lo anticipa il <strong>direttore generale della Asl di Latina Giorgio Casati<\/strong> chiarendoci il senso di quanto detto in un&#8217;intervista radiofonica che ha fatto arrabbiare il deputato della Lega Durigon.<\/p>\n<p style=\"text-align: justify;\">&#8220;Abbiamo tanti problemi che ci derivano dall&#8217;aumento dei contagi e il caso dell&#8217;evento elettorale della Lega a Terracina \u00e8 l&#8217;ultimo&#8221;, dice Casati. &#8220;Pensavo di essere stato chiaro. Quello che ho detto durante l&#8217;intervista a Radio Capital \u00e8 che si deve stare a casa se si \u00e8 avuto un contatto e l&#8217;indicazione non vale solo per <strong>Salvini e Durigon,<\/strong> ma per tutti i cittadini. Per me, come direttore di una Asl, in questo momento, Salvini e Durigon sono due cittadini e la regola vale per tutti&#8221;.<\/p>\n<p style=\"text-align: justify;\"><strong>Il deputato della Lega Claudio Durigon<\/strong> non ha apprezzato le parole di Casati che sono state rilanciate anche dalle agenzie di stampa: &#8220;Comprendiamo perfettamente la smania di visibilit\u00e0 del direttore generale della Asl di Latina anche se sarebbe pi\u00f9 opportuno, prima di parlare, che si informasse sulle decisioni dei suoi uffici &#8211; dichiara in una nota &#8211; Cos\u00ec mentre Giorgio Casati pontifica caldeggiando isolamenti per il segretario della Lega e per il sottoscritto per aver partecipato all\u2019evento di Terracina, la Asl di Latina mi scrive per dirmi che non sono sottoposto ad alcuna misura restrittiva. Forse un pizzico di seriet\u00e0 in pi\u00f9 farebbe stare pi\u00f9 tranquilli i cittadini&#8221;. Durigon assicura che far\u00e0 comunque in giornata il test di controllo per il Covid 19.<\/p>\n<p style=\"text-align: justify;\">&#8220;E&#8217; il Dipartimento di prevenzione ad avere le competenze per tracciare i contatti attraverso indagini che vengono svolte intervistando il diretto interessato e chi era presente all&#8217;evento. Saranno loro a stabilire se Durigon ha avuto contatti a rischio. Quello che io ho detto \u00e8 che <strong>se non c&#8217;\u00e8 la certezza della negativit\u00e0, chi ha avuto contatti diretti dovrebbe stare in isolamento. Chi non ha avuto contatti diretti dovrebbe fare il tampone e, fino a che non ha il risultato del tampone, dovrebbe stare in isolamento<\/strong>&#8220;.<\/p>\n<p style=\"text-align: justify;\">In una nota ufficiale arrivata nel pomeriggio, il manager Casati puntualizza ulteriormente: &#8220;In merito alla presunta affermazione \u201cSalvini deve stare a casa\u201d, si precisa che, durante l\u2019intervista rilasciata a Radio Capital a fronte della richiesta di informazioni sulle posizioni dei leader della Lega che hanno partecipato al comizio elettorale di Terracina, \u00e8 stato risposto che non vengono rilasciate dichiarazioni su singoli casi per quanto riferibili a persone note. Sono state invece richiamate le regole di comportamento generale&#8230;\u00a0 Se un soggetto, indipendentemente da come si chiama o dal ruolo che svolge, rientra o meno tra quelli che devono rispettare l\u2019isolamento fiduciario, dipende dal suo status di \u201ccontatto primario\u201d o dal fatto che ha effettuato un tampone di controllo. \u00c8 evidente\u00a0 &#8211; conclude Casati &#8211; che l\u2019interesse mediatico, generato dal rilievo della situazione di positivit\u00e0 di un soggetto nell\u2019ambito di una iniziativa politica, pu\u00f2 comportare che alcune dichiarazioni possano anche essere male interpretate. Se non si \u00e8 riusciti ad essere sufficientemente chiari nel corso dell\u2019intervista dispiace, ma il senso autentico della dichiarazione consisteva nel riportare l\u2019attenzione sulle regole generali e non certo argomentare su posizioni individuali&#8221;.<\/p>\n<p style=\"text-align: justify;\"><strong>Lo screening legato all&#8217;evento di Terracina riguarda circa 500 persone<\/strong> che da oggi e fino a gioved\u00ec sono chiamate a fare il tampone rapido presso la postazione allestita allo Stadio Colavolpe.<\/p>\n<p style=\"text-align: justify;\">\n","protected":false},"excerpt":{"rendered":"<p>LATINA &#8211; Sono 49 i nuovi positivi a Latina e provincia. Lo anticipa il direttore generale della Asl di Latina Giorgio Casati chiarendoci il senso di quanto detto in un&#8217;intervista radiofonica che ha fatto arrabbiare il deputato della Lega Durigon. &#8220;Abbiamo tanti problemi che ci derivano dall&#8217;aumento dei contagi e il caso dell&#8217;evento elettorale della [&hellip;]<\/p>\n","protected":false},"author":62,"featured_media":276089,"comment_status":"open","ping_status":"open","sticky":false,"template":"","format":"standard","meta":{"footnotes":""},"categories":[7],"tags":[],"class_list":["post-276088","post","type-post","status-publish","format-standard","has-post-thumbnail","hentry","category-cronaca"],"_links":{"self":[{"href":"https:\/\/www.radioluna.it\/news\/wp-json\/wp\/v2\/posts\/276088","targetHints":{"allow":["GET"]}}],"collection":[{"href":"https:\/\/www.radioluna.it\/news\/wp-json\/wp\/v2\/posts"}],"about":[{"href":"https:\/\/www.radioluna.it\/news\/wp-json\/wp\/v2\/types\/post"}],"author":[{"embeddable":true,"href":"https:\/\/www.radioluna.it\/news\/wp-json\/wp\/v2\/users\/62"}],"replies":[{"embeddable":true,"href":"https:\/\/www.radioluna.it\/news\/wp-json\/wp\/v2\/comments?post=276088"}],"version-history":[{"count":0,"href":"https:\/\/www.radioluna.it\/news\/wp-json\/wp\/v2\/posts\/276088\/revisions"}],"wp:featuredmedia":[{"embeddable":true,"href":"https:\/\/www.radioluna.it\/news\/wp-json\/wp\/v2\/media\/276089"}],"wp:attachment":[{"href":"https:\/\/www.radioluna.it\/news\/wp-json\/wp\/v2\/media?parent=276088"}],"wp:term":[{"taxonomy":"category","embeddable":true,"href":"https:\/\/www.radioluna.it\/news\/wp-json\/wp\/v2\/categories?post=276088"},{"taxonomy":"post_tag","embeddable":true,"href":"https:\/\/www.radioluna.it\/news\/wp-json\/wp\/v2\/tags?post=276088"}],"curies":[{"name":"wp","href":"https:\/\/api.w.org\/{rel}","templated":true}]}}