{"id":276275,"date":"2020-10-09T13:33:42","date_gmt":"2020-10-09T11:33:42","guid":{"rendered":"https:\/\/www.radioluna.it\/news\/?p=276275"},"modified":"2020-10-09T13:33:42","modified_gmt":"2020-10-09T11:33:42","slug":"pannone-in-commissione-cultura-per-latina-un-distretto-della-cultura","status":"publish","type":"post","link":"https:\/\/www.radioluna.it\/news\/2020\/10\/pannone-in-commissione-cultura-per-latina-un-distretto-della-cultura\/","title":{"rendered":"Pannone in Commissione cultura: &#8220;Per Latina un distretto della Cultura&#8221;"},"content":{"rendered":"<div id=\"fb-root\"><\/div>\n<p style=\"text-align: justify;\"><strong>LATINA<\/strong> &#8211; A Latina serve un distretto della Cultura per mettere in rete tutte le realt\u00e0 che contribuiscono alla sua crescita. &#8220;La Casa della Musica, il teatro (i teatri, anzi) e il palazzo della cultura nella sua interezza. Rendere Latina un &#8220;museo diffuso&#8221;, con itinerari cittadini, che raccontino la citt\u00e0 in tutta la sua storia dalla fondazione alla modernit\u00e0&#8221;. Lo ha detto il regista pontino Gianfranco Pannone partecipando alla seduta di ieri della Commissione Cultura che, in attesa della riapertura del&#8217;D&#8217;Annunzio, ospita il dibattito sul futuro utilizzo della struttura avvalendosi del contributo di intellettuali e professionisti.<br \/>\n&#8220;Sono felice che Pannone abbia accettato con entusiasmo il mio invito a partecipare in commissione: per primo infatti ha compreso il richiamo ai cittadini da parte di Latina Bene Comune sul tema. Oggi il dibattito si svolge in commissione ma &#8211; appena sar\u00e0 possibile &#8211; sar\u00e0 portato anche in un&#8217;assemblea pubblica, peraltro fortemente voluta dal sindaco Damiano Coletta. Il teatro \u00e8 infatti tema di tutti, e il nuovo progetto culturale per la citt\u00e0 di Latina che stiamo elaborando, vogliamo che sia il pi\u00f9 condiviso ed ampio possibile&#8221; &#8211; dichiara il presidente della commissione Cultura del Comune di Latina, Fabio D&#8217;Achille.<br \/>\nIl regista ha voluto sottolineare come il tema non sia soltanto riuscire a programmare una stagione teatrale, ma pensare di rimettere mano ad un teatro con obiettivi anche laboratoriali, facendo lavorare tutte le compagnie, comprese quelle amatoriali.<\/p>\n","protected":false},"excerpt":{"rendered":"<p>LATINA &#8211; A Latina serve un distretto della Cultura per mettere in rete tutte le realt\u00e0 che contribuiscono alla sua crescita. &#8220;La Casa della Musica, il teatro (i teatri, anzi) e il palazzo della cultura nella sua interezza. Rendere Latina un &#8220;museo diffuso&#8221;, con itinerari cittadini, che raccontino la citt\u00e0 in tutta la sua storia [&hellip;]<\/p>\n","protected":false},"author":62,"featured_media":243233,"comment_status":"open","ping_status":"open","sticky":false,"template":"","format":"standard","meta":{"footnotes":""},"categories":[2403],"tags":[],"class_list":["post-276275","post","type-post","status-publish","format-standard","has-post-thumbnail","hentry","category-le-cose-in-comune"],"_links":{"self":[{"href":"https:\/\/www.radioluna.it\/news\/wp-json\/wp\/v2\/posts\/276275","targetHints":{"allow":["GET"]}}],"collection":[{"href":"https:\/\/www.radioluna.it\/news\/wp-json\/wp\/v2\/posts"}],"about":[{"href":"https:\/\/www.radioluna.it\/news\/wp-json\/wp\/v2\/types\/post"}],"author":[{"embeddable":true,"href":"https:\/\/www.radioluna.it\/news\/wp-json\/wp\/v2\/users\/62"}],"replies":[{"embeddable":true,"href":"https:\/\/www.radioluna.it\/news\/wp-json\/wp\/v2\/comments?post=276275"}],"version-history":[{"count":0,"href":"https:\/\/www.radioluna.it\/news\/wp-json\/wp\/v2\/posts\/276275\/revisions"}],"wp:featuredmedia":[{"embeddable":true,"href":"https:\/\/www.radioluna.it\/news\/wp-json\/wp\/v2\/media\/243233"}],"wp:attachment":[{"href":"https:\/\/www.radioluna.it\/news\/wp-json\/wp\/v2\/media?parent=276275"}],"wp:term":[{"taxonomy":"category","embeddable":true,"href":"https:\/\/www.radioluna.it\/news\/wp-json\/wp\/v2\/categories?post=276275"},{"taxonomy":"post_tag","embeddable":true,"href":"https:\/\/www.radioluna.it\/news\/wp-json\/wp\/v2\/tags?post=276275"}],"curies":[{"name":"wp","href":"https:\/\/api.w.org\/{rel}","templated":true}]}}