{"id":276429,"date":"2020-10-12T10:20:24","date_gmt":"2020-10-12T08:20:24","guid":{"rendered":"https:\/\/www.radioluna.it\/news\/?p=276429"},"modified":"2020-10-14T05:12:15","modified_gmt":"2020-10-14T03:12:15","slug":"il-faro-di-rio-martino-usato-come-secchio-della-spazzatura","status":"publish","type":"post","link":"https:\/\/www.radioluna.it\/news\/2020\/10\/il-faro-di-rio-martino-usato-come-secchio-della-spazzatura\/","title":{"rendered":"Il faro di Rio Martino usato come secchio della spazzatura"},"content":{"rendered":"<div id=\"fb-root\"><\/div>\n<p style=\"text-align: justify;\"><strong>LATINA &#8211; <\/strong>Quella parlante, arrivata con le foto che pubblichiamo, non \u00e8 la prima segnalazione da Rio Martino e dunque sembra proprio che alcuni\u00a0 cittadini abbiano dolosamente deciso di trattare il faro del porto-canale come una pattumiera e l&#8217;abbiano per questo riempito di tanti rifiuti di ogni genere. In effetti il colore \u00e8 lo stesso del cassonetto utilizzato a Latina per la raccolta indifferenziata, ma decisamente la funzione non \u00e8 la stessa. Quindi, perch\u00e9?<\/p>\n<p style=\"text-align: justify;\">Siamo quasi certi che ora interverranno i volontari di qualche associazione ambientalista o benemeriti privati cittadini giustamente indignati e pronti a rimboccarsi le maniche. Forse interverr\u00e0 la Abc, competente sulla sponda di Latina. Ma il problema vero, non \u00e8 chi rimuover\u00e0 questi rifiuti, ma chi ce li ha messi, sfregiando un luogo bello e panoramico, dove il mare invita ad avere orizzonti larghi.\u00a0 Ed \u00e8 da qui che bisogna ripartire, dall&#8217;educazione di chi dimostra con questi gesti di non possedere nemmeno gli elementi di base della cittadinanza e di non amare minimamente il territorio in cui vive.<\/p>\n","protected":false},"excerpt":{"rendered":"<p>LATINA &#8211; Quella parlante, arrivata con le foto che pubblichiamo, non \u00e8 la prima segnalazione da Rio Martino e dunque sembra proprio che alcuni\u00a0 cittadini abbiano dolosamente deciso di trattare il faro del porto-canale come una pattumiera e l&#8217;abbiano per questo riempito di tanti rifiuti di ogni genere. In effetti il colore \u00e8 lo stesso [&hellip;]<\/p>\n","protected":false},"author":62,"featured_media":276433,"comment_status":"open","ping_status":"open","sticky":false,"template":"","format":"gallery","meta":{"footnotes":""},"categories":[12],"tags":[],"class_list":["post-276429","post","type-post","status-publish","format-gallery","has-post-thumbnail","hentry","category-ambiente","post_format-post-format-gallery"],"_links":{"self":[{"href":"https:\/\/www.radioluna.it\/news\/wp-json\/wp\/v2\/posts\/276429","targetHints":{"allow":["GET"]}}],"collection":[{"href":"https:\/\/www.radioluna.it\/news\/wp-json\/wp\/v2\/posts"}],"about":[{"href":"https:\/\/www.radioluna.it\/news\/wp-json\/wp\/v2\/types\/post"}],"author":[{"embeddable":true,"href":"https:\/\/www.radioluna.it\/news\/wp-json\/wp\/v2\/users\/62"}],"replies":[{"embeddable":true,"href":"https:\/\/www.radioluna.it\/news\/wp-json\/wp\/v2\/comments?post=276429"}],"version-history":[{"count":0,"href":"https:\/\/www.radioluna.it\/news\/wp-json\/wp\/v2\/posts\/276429\/revisions"}],"wp:featuredmedia":[{"embeddable":true,"href":"https:\/\/www.radioluna.it\/news\/wp-json\/wp\/v2\/media\/276433"}],"wp:attachment":[{"href":"https:\/\/www.radioluna.it\/news\/wp-json\/wp\/v2\/media?parent=276429"}],"wp:term":[{"taxonomy":"category","embeddable":true,"href":"https:\/\/www.radioluna.it\/news\/wp-json\/wp\/v2\/categories?post=276429"},{"taxonomy":"post_tag","embeddable":true,"href":"https:\/\/www.radioluna.it\/news\/wp-json\/wp\/v2\/tags?post=276429"}],"curies":[{"name":"wp","href":"https:\/\/api.w.org\/{rel}","templated":true}]}}