{"id":276526,"date":"2020-10-12T12:12:22","date_gmt":"2020-10-12T10:12:22","guid":{"rendered":"https:\/\/www.radioluna.it\/news\/?p=276526"},"modified":"2020-10-13T13:19:51","modified_gmt":"2020-10-13T11:19:51","slug":"latina-nella-catena-della-pace-ciccarelli-oggi-con-la-chiesa-un-legame-costruttivo","status":"publish","type":"post","link":"https:\/\/www.radioluna.it\/news\/2020\/10\/latina-nella-catena-della-pace-ciccarelli-oggi-con-la-chiesa-un-legame-costruttivo\/","title":{"rendered":"Latina nella catena della Pace, Ciccarelli: &#8220;Oggi con la Chiesa un legame costruttivo&#8221;"},"content":{"rendered":"<div id=\"fb-root\"><\/div>\n<p style=\"text-align: justify;\"><strong>LATINA &#8211;\u00a0 <\/strong>Latina ha partecipato anche quest&#8217;anno alla Marcia per la Pace, trasformata in tempi di Covid-19\u00a0 in una grande catena umana legata da un filo che ha unito Perugia ad Assisi, in una forma che ha consentito di evitare assembramenti e di mantenere il distanziamento sociale.\u00a0 Il capoluogo \u00e8 stato rappresentato da un gruppo guidato dalle assessore alle <strong>Politiche giovanili e Partecipazione, Cristina Leggio<\/strong> e alle <strong>Politiche di Welfare e Pari Opportunit\u00e0, Patrizia Ciccarelli<\/strong>: &#8220;Latina citt\u00e0 solidale, pacifica e accogliente&#8221; era scritto sullo striscione arrivato dal capoluogo. Un fronte sul quale i due assessorati stanno lavorando con grande impegno.<\/p>\n<p style=\"text-align: justify;\">&#8220;Non potevamo mancare, \u00e8 stato molto emozionante esserci. <strong>La pandemia ha reso tutta la nostra comunit\u00e0 pi\u00f9 consapevole di quanto sia necessaria la relazione con l&#8217;altro<\/strong> perch\u00e9 siamo tutti fragili sotto questo cielo e di come siamo sulla stessa barca. Quindi chi pi\u00f9 di chi fugge da guerre o dalla fame pu\u00f2 essere pi\u00f9 rappresentativo di questo&#8221;, sottolinea Ciccarelli.<\/p>\n<p style=\"text-align: justify;\">Le parole di questa giornata sono state &#8220;Cura&#8221; e &#8220;Pace&#8221; con un messaggio che deve arrivare a tutti: &#8220;Il messaggio pi\u00f9 potente \u00e8 quello della responsabilit\u00e0, <strong>ognuno di noi ha in mano un potere enorme che \u00e8 quello di essere costruttore di pace nella vita quotidiana<\/strong>. <strong>Non ci interessa il pacifismo teorico e un po&#8217; astruso<\/strong>, ci interessano i percorsi che portano le persone a pensare che tutto quello che c&#8217;\u00e8 oltre noi, conta e bisogna dedicarci attenzione e cura&#8221;.<\/p>\n<audio class=\"wp-audio-shortcode\" id=\"audio-276526-1\" preload=\"none\" style=\"width: 100%;\" controls=\"controls\"><source type=\"audio\/mpeg\" src=\"https:\/\/www.radioluna.it\/news\/wp-content\/uploads\/2020\/10\/ciccarelli.mp3?_=1\" \/><a href=\"https:\/\/www.radioluna.it\/news\/wp-content\/uploads\/2020\/10\/ciccarelli.mp3\">https:\/\/www.radioluna.it\/news\/wp-content\/uploads\/2020\/10\/ciccarelli.mp3<\/a><\/audio>\n<p style=\"text-align: justify;\">&#8220;Fratelli tutti&#8221;, dice l&#8217;enciclica di Papa Francesco che proprio tantissimi laici hanno trovato rivoluzionaria: &#8220;Da laica quale sono, me lo aspettavo. Il segno di Papa Francesco ha portato gi\u00e0 un&#8217;alleanza importante anche qui da noi, sul territorio di Latina. In questi ultimissimi anni c&#8217;\u00e8 stata una collaborazione molto fattiva tra le realt\u00e0 del mondo cattolico, quelle istituzionali e laiche impegnate nel contrasto all&#8217; emarginazione e alla povert\u00e0&#8221;.<\/p>\n<p style=\"text-align: justify;\">Quanto ai nuovi decreti sicurezza: &#8220;I cambiamenti hanno luci e ombre e noi contiamo molto sulle luci e soprattutto contiamo di riprendere quel filo drasticamente spezzato\u00a0 nell&#8217;ottobre del 2018 e che vedeva un processo efficace tra vari livelli istituzionali, in particolare Comune e Prefettura, per affidare all&#8217;ente locale la gestione del sistema dell&#8217;accoglienza. Oggi abbiamo ripreso quel filo e speriamo di avere pi\u00f9 strumenti in mano, anche se in questi anni non ci eravamo certo rassegnati e abbiamo lavorato lo stesso, nel modo in cui ci \u00e8 stato permesso farlo&#8221;.<\/p>\n","protected":false},"excerpt":{"rendered":"<p>LATINA &#8211;\u00a0 Latina ha partecipato anche quest&#8217;anno alla Marcia per la Pace, trasformata in tempi di Covid-19\u00a0 in una grande catena umana legata da un filo che ha unito Perugia ad Assisi, in una forma che ha consentito di evitare assembramenti e di mantenere il distanziamento sociale.\u00a0 Il capoluogo \u00e8 stato rappresentato da un gruppo [&hellip;]<\/p>\n","protected":false},"author":62,"featured_media":276528,"comment_status":"open","ping_status":"open","sticky":false,"template":"","format":"standard","meta":{"footnotes":""},"categories":[735,2310],"tags":[],"class_list":["post-276526","post","type-post","status-publish","format-standard","has-post-thumbnail","hentry","category-attualita","category-audio"],"_links":{"self":[{"href":"https:\/\/www.radioluna.it\/news\/wp-json\/wp\/v2\/posts\/276526","targetHints":{"allow":["GET"]}}],"collection":[{"href":"https:\/\/www.radioluna.it\/news\/wp-json\/wp\/v2\/posts"}],"about":[{"href":"https:\/\/www.radioluna.it\/news\/wp-json\/wp\/v2\/types\/post"}],"author":[{"embeddable":true,"href":"https:\/\/www.radioluna.it\/news\/wp-json\/wp\/v2\/users\/62"}],"replies":[{"embeddable":true,"href":"https:\/\/www.radioluna.it\/news\/wp-json\/wp\/v2\/comments?post=276526"}],"version-history":[{"count":0,"href":"https:\/\/www.radioluna.it\/news\/wp-json\/wp\/v2\/posts\/276526\/revisions"}],"wp:featuredmedia":[{"embeddable":true,"href":"https:\/\/www.radioluna.it\/news\/wp-json\/wp\/v2\/media\/276528"}],"wp:attachment":[{"href":"https:\/\/www.radioluna.it\/news\/wp-json\/wp\/v2\/media?parent=276526"}],"wp:term":[{"taxonomy":"category","embeddable":true,"href":"https:\/\/www.radioluna.it\/news\/wp-json\/wp\/v2\/categories?post=276526"},{"taxonomy":"post_tag","embeddable":true,"href":"https:\/\/www.radioluna.it\/news\/wp-json\/wp\/v2\/tags?post=276526"}],"curies":[{"name":"wp","href":"https:\/\/api.w.org\/{rel}","templated":true}]}}