{"id":276694,"date":"2020-10-14T17:16:01","date_gmt":"2020-10-14T15:16:01","guid":{"rendered":"https:\/\/www.radioluna.it\/news\/?p=276694"},"modified":"2020-10-14T17:16:01","modified_gmt":"2020-10-14T15:16:01","slug":"anno-accademico-al-via-gli-aspiranti-infermieri-cominciano-donando-il-sangue","status":"publish","type":"post","link":"https:\/\/www.radioluna.it\/news\/2020\/10\/anno-accademico-al-via-gli-aspiranti-infermieri-cominciano-donando-il-sangue\/","title":{"rendered":"Anno accademico al via: gli aspiranti infermieri cominciano donando il sangue"},"content":{"rendered":"<div id=\"fb-root\"><\/div>\n<p style=\"text-align: justify;\"><strong>LATINA &#8211; <\/strong>Come si dice: chi ben comincia \u00e8 a met\u00e0 dell&#8217;opera. Lo sono senz&#8217;altro i giovani aspiranti infermieri del Corso di Laurea in Scienze Infermieristiche del Polo Pontino della Sapienza, diretto dalla dottoressa Ernesta Tonini.\u00a0 Il loro anno accademico \u00e8 infatti cominciato con un gesto altruistico e una giornata dedicata alla sensibilizzazione\u00a0 sul significato della \u201cdonazione del sangue\u201d realizzata\u00a0 in collaborazione con la sezione dell\u2019Avis di Latina, guidata dal presidente Emanuele Bragato. Presenti anche Francesco Equitani, Direttore della UOC\u00a0 Centro Trasfusionale della Asl di Latina, Anna Maria Visco coordinatrice Infermieristica dell&#8217;Unit\u00e0 di Terapia Intensiva Neonatale e vice presidente della sezione comunale AVIS, e Fabio Benvenuti, esperto di comunicazione e rappresentante dell\u2019Associazione DIAMANTE aps.<br \/>\nLa giornata si \u00e8 aperta con la donazione del sangue da parte degli studenti, seguita da una mini conferenza nel salone della sede Avis di Latina, alla presenza di una rappresentanza degli studenti di Scienze Infermieristiche, e, oltre a Tonini e Bagnato, anche del professor Giuseppe Cavallaro, presidente\u00a0 dello stesso corso di laurea che ha dato il via ufficiale al corso portando i saluti del preside ai circa duecento neostudenti collegati in videoconferenza.<\/p>\n<p style=\"text-align: justify;\">\u201cE\u2019 importante informare e sensibilizzare la popolazione, soprattutto i giovani, sul tema della donazione. Per questo \u2013 ha detto la dott.ssa Tonini &#8211;\u00a0 in qualit\u00e0 di\u00a0 Direttore del corso di laurea, anche quest\u2019anno nonostante le restrizioni, ostacoli e difficolt\u00e0 dovute al periodo storico che stiamo vivendo per combattere il coronavirus, con grande entusiasmo partecipativo abbiamo organizzato in modalit\u00e0 blended learning questa videoconferenza nel rispetto delle norme anticovid, che \u00e8 anche la giornata universitaria della donazione del sangue. C\u2019\u00e8 bisogno di una considerevole e importante azione culturale per diffondere i principi solidaristici universali e della donazione di sangue. Non solo per convincere a donare volontariamente e disinteressatamente, ma per formare nella popolazione una coscienza condivisa. Mi sento di dire che scopro nei giovani tanta sensibilit\u00e0 verso questa tematica, negli ultimi anni c\u2019\u00e8 stato un aumento in percentuale\u00a0 a livello nazionale della donazione da parte dei giovani dai 18 ai 25 anni. Sicuramente noi, come polo di Latina e come territorio provinciale, abbiamo contribuito ad alzare la percentuale con le tantissime donazioni negli ultimi anni. Formare oggi operatori sanitari ed infermieri richiede una grande responsabilit\u00e0 in un momento in cui si va sempre di pi\u00f9 verso competenze avanzate,\u00a0 specialistiche\u00a0 con l\u2019implementazione della figura dell\u2019infermiere di comunit\u00e0 e di territorio nella presa in carico della persona con le sue fragilit\u00e0\u201d.<br \/>\nIl presidente Bragato ha evidenziato l\u2019importanza della collaborazione che in questi anni si \u00e8 instaurata con il corso di laurea, che ha dato vita ad una manifestazione di solidariet\u00e0 umana e di sensibilit\u00e0 verso l\u2019atto della donazione, ringraziando i partecipanti e tutti gli studenti cha hanno partecipato e\u00a0 ponendo l\u2019attenzione su quanto sia importante informare tutti i cittadini su quanto ci si adoperi come associazione per sensibilizzare le istituzioni.<br \/>\nIl Presidente, nell\u2019ambito della giornata ha consegnato\u00a0 alla dott.ssa Ernesta Tonini un distintivo ed un\u201d RICONOSCIMENTO AL MERITO\u201d per la disponibilit\u00e0 e l\u2019impegno profuso nel promuovere i valori associativi nel progetto dedicato all\u2019AVIS da parte del Corso di laurea di Infermieristica.<br \/>\nMolto interessanti e apprezzati anche gli interventi specialistici degli altri ospiti, mentre la mattinata \u00e8 stata caratterizzata dalle donazioni di sangue da parte degli studenti, il tutto nel rispetto delle norme di sicurezza.<\/p>\n","protected":false},"excerpt":{"rendered":"<p>LATINA &#8211; Come si dice: chi ben comincia \u00e8 a met\u00e0 dell&#8217;opera. Lo sono senz&#8217;altro i giovani aspiranti infermieri del Corso di Laurea in Scienze Infermieristiche del Polo Pontino della Sapienza, diretto dalla dottoressa Ernesta Tonini.\u00a0 Il loro anno accademico \u00e8 infatti cominciato con un gesto altruistico e una giornata dedicata alla sensibilizzazione\u00a0 sul significato [&hellip;]<\/p>\n","protected":false},"author":62,"featured_media":276695,"comment_status":"open","ping_status":"open","sticky":false,"template":"","format":"standard","meta":{"footnotes":""},"categories":[735],"tags":[],"class_list":["post-276694","post","type-post","status-publish","format-standard","has-post-thumbnail","hentry","category-attualita"],"_links":{"self":[{"href":"https:\/\/www.radioluna.it\/news\/wp-json\/wp\/v2\/posts\/276694","targetHints":{"allow":["GET"]}}],"collection":[{"href":"https:\/\/www.radioluna.it\/news\/wp-json\/wp\/v2\/posts"}],"about":[{"href":"https:\/\/www.radioluna.it\/news\/wp-json\/wp\/v2\/types\/post"}],"author":[{"embeddable":true,"href":"https:\/\/www.radioluna.it\/news\/wp-json\/wp\/v2\/users\/62"}],"replies":[{"embeddable":true,"href":"https:\/\/www.radioluna.it\/news\/wp-json\/wp\/v2\/comments?post=276694"}],"version-history":[{"count":0,"href":"https:\/\/www.radioluna.it\/news\/wp-json\/wp\/v2\/posts\/276694\/revisions"}],"wp:featuredmedia":[{"embeddable":true,"href":"https:\/\/www.radioluna.it\/news\/wp-json\/wp\/v2\/media\/276695"}],"wp:attachment":[{"href":"https:\/\/www.radioluna.it\/news\/wp-json\/wp\/v2\/media?parent=276694"}],"wp:term":[{"taxonomy":"category","embeddable":true,"href":"https:\/\/www.radioluna.it\/news\/wp-json\/wp\/v2\/categories?post=276694"},{"taxonomy":"post_tag","embeddable":true,"href":"https:\/\/www.radioluna.it\/news\/wp-json\/wp\/v2\/tags?post=276694"}],"curies":[{"name":"wp","href":"https:\/\/api.w.org\/{rel}","templated":true}]}}