{"id":276744,"date":"2020-10-15T10:45:56","date_gmt":"2020-10-15T08:45:56","guid":{"rendered":"https:\/\/www.radioluna.it\/news\/?p=276744"},"modified":"2020-10-16T09:32:24","modified_gmt":"2020-10-16T07:32:24","slug":"il-ministro-speranza-alla-janssen-di-latina-dobbiamo-costruire-la-resistenza","status":"publish","type":"post","link":"https:\/\/www.radioluna.it\/news\/2020\/10\/il-ministro-speranza-alla-janssen-di-latina-dobbiamo-costruire-la-resistenza\/","title":{"rendered":"Il ministro Speranza alla Janssen di Latina: &#8220;Dobbiamo costruire la nostra resistenza al Covid&#8221;"},"content":{"rendered":"<div id=\"fb-root\"><\/div>\n<p style=\"text-align: justify;\"><strong>LATINA &#8211; <\/strong>Il Ministro per la Salute Roberto Speranza a Latina questa mattina in visita alla Jannsen una delle maggiori aziende farmaceutiche del territorio. Nella sede di Borgo San Michele si tiene il convegno su L&#8217;innovazione per la salute dei pazienti e dell&#8217;economia dell&#8217;Italia. Ad accogliere il Ministro il prefetto Maurizo Falco, il sindaco di Latina Damiano Coletta e le altre autorit\u00e0 cittadine e provinciali.<\/p>\n<div id=\"js_1f9\" class=\"_5pbx userContent _3576\" data-testid=\"post_message\" data-ft=\"{&quot;tn&quot;:&quot;K&quot;}\">\n<p>\u00abLa chiave per superare questo momento difficile e vincere il Covid &#8211; ha detto il Ministro &#8211; \u00e8 raggiungere una perfetta sinergia tra tutti i livelli istituzionali e i comportamenti dei cittadini. Il ruolo dei Sindaci \u00e8 fondamentale, perch\u00e9 loro sono i primi ad avere il polso della situazione di ci\u00f2 che accade a livello locale\u00bb.<\/p>\n<\/div>\n<div class=\"_3x-2\" data-ft=\"{&quot;tn&quot;:&quot;H&quot;}\">\n<div data-ft=\"{&quot;tn&quot;:&quot;H&quot;}\">\n<div class=\"mtm\">\n<div class=\"_2a2q _65sr\"><span style=\"text-align: justify;\">Speranza ha risposto alle domande dei giornalisti: &#8220;Nessun territorio deve sentirsi al sicuro dal Covid-19. Dobbiamo costruire la resistenza. Avremo il vaccino, ma non domani mattina&#8221;.<\/span><\/div>\n<\/div>\n<\/div>\n<\/div>\n<p>&nbsp;<\/p>\n<audio class=\"wp-audio-shortcode\" id=\"audio-276744-1\" preload=\"none\" style=\"width: 100%;\" controls=\"controls\"><source type=\"audio\/mpeg\" src=\"https:\/\/www.radioluna.it\/news\/wp-content\/uploads\/2020\/10\/speranza-NEW.mp3?_=1\" \/><a href=\"https:\/\/www.radioluna.it\/news\/wp-content\/uploads\/2020\/10\/speranza-NEW.mp3\">https:\/\/www.radioluna.it\/news\/wp-content\/uploads\/2020\/10\/speranza-NEW.mp3<\/a><\/audio>\n<p>&#8220;Innovazione e ricerca sono essenziali&#8221;, ha detto il Ministro quando Johnson &amp; Johnson ha annunciato che investir\u00e0 nello stabilimento della propria divisione farmaceutica Janssen a Latina &#8220;per rendere il sito produttivo italiano un fiore all\u2019occhiello nel campo dell\u2019innovazione farmacologica a livello mondiale&#8221;.<\/p>\n<p style=\"text-align: justify;\">&#8220;Nonostante la pandemia &#8211; hanno spiegato i vertici di Janssen\u00a0 &#8211; abbiamo preservato inalterata la produzione all\u2019interno dello stabilimento, per garantire la continuit\u00e0 di cura a tutti i pazienti. Proprio nel corso della fase pi\u00f9 acuta dell\u2019emergenza inoltre, l\u2019azienda ha anche portato avanti il proprio impegno nell\u2019innovazione, raddoppiando la linea produttiva automatizzata in continuum. L\u2019introduzione di questa seconda linea ha permesso al sito di avvalersi di tutte e tre le tecnologie esistenti per la produzione di trattamenti solidi (granulazione a umido, granulazione a secco e compressione diretta), rafforzando ulteriormente la capacit\u00e0 del plant di Latina di produrre qualsiasi nuovo trattamento orale di Janssen e di lanciarlo a livello globale&#8221;.<\/p>\n<p style=\"text-align: justify;\">\u201cJanssen \u00e8 da sempre impegnata nella ricerca e nello sviluppo di nuove soluzioni per la salute: l\u2019innovazione \u00e8 la sfida quotidiana delle oltre 1.500 persone che compongono la nostra organizzazione\u201d \u2013 ha dichiarato Massimo Scaccabarozzi, Presidente e Amministratore Delegato di Janssen Italia. \u201cNegli ultimi anni, lo stabilimento di Latina \u00e8 stato protagonista di un\u2019importante evoluzione tecnologica con impatti economici e sociali positivi per tutto il nostro Paese. A seguito del raddoppio del sistema di produzione \u2018in continuum\u2019, il sito di Janssen attrarr\u00e0 lo sviluppo di ulteriori terapie innovative nel nostro Paese\u201d.<\/p>\n<p>&nbsp;<\/p>\n","protected":false},"excerpt":{"rendered":"<p>LATINA &#8211; Il Ministro per la Salute Roberto Speranza a Latina questa mattina in visita alla Jannsen una delle maggiori aziende farmaceutiche del territorio. Nella sede di Borgo San Michele si tiene il convegno su L&#8217;innovazione per la salute dei pazienti e dell&#8217;economia dell&#8217;Italia. Ad accogliere il Ministro il prefetto Maurizo Falco, il sindaco di [&hellip;]<\/p>\n","protected":false},"author":62,"featured_media":276775,"comment_status":"open","ping_status":"open","sticky":false,"template":"","format":"standard","meta":{"footnotes":""},"categories":[735,2310],"tags":[],"class_list":["post-276744","post","type-post","status-publish","format-standard","has-post-thumbnail","hentry","category-attualita","category-audio"],"_links":{"self":[{"href":"https:\/\/www.radioluna.it\/news\/wp-json\/wp\/v2\/posts\/276744","targetHints":{"allow":["GET"]}}],"collection":[{"href":"https:\/\/www.radioluna.it\/news\/wp-json\/wp\/v2\/posts"}],"about":[{"href":"https:\/\/www.radioluna.it\/news\/wp-json\/wp\/v2\/types\/post"}],"author":[{"embeddable":true,"href":"https:\/\/www.radioluna.it\/news\/wp-json\/wp\/v2\/users\/62"}],"replies":[{"embeddable":true,"href":"https:\/\/www.radioluna.it\/news\/wp-json\/wp\/v2\/comments?post=276744"}],"version-history":[{"count":0,"href":"https:\/\/www.radioluna.it\/news\/wp-json\/wp\/v2\/posts\/276744\/revisions"}],"wp:featuredmedia":[{"embeddable":true,"href":"https:\/\/www.radioluna.it\/news\/wp-json\/wp\/v2\/media\/276775"}],"wp:attachment":[{"href":"https:\/\/www.radioluna.it\/news\/wp-json\/wp\/v2\/media?parent=276744"}],"wp:term":[{"taxonomy":"category","embeddable":true,"href":"https:\/\/www.radioluna.it\/news\/wp-json\/wp\/v2\/categories?post=276744"},{"taxonomy":"post_tag","embeddable":true,"href":"https:\/\/www.radioluna.it\/news\/wp-json\/wp\/v2\/tags?post=276744"}],"curies":[{"name":"wp","href":"https:\/\/api.w.org\/{rel}","templated":true}]}}