{"id":277270,"date":"2020-10-24T13:42:31","date_gmt":"2020-10-24T11:42:31","guid":{"rendered":"https:\/\/www.radioluna.it\/news\/?p=277270"},"modified":"2020-10-24T13:42:31","modified_gmt":"2020-10-24T11:42:31","slug":"covid-19-lultimo-disturbo-della-pandemia-la-paura-di-avere-paura","status":"publish","type":"post","link":"https:\/\/www.radioluna.it\/news\/2020\/10\/covid-19-lultimo-disturbo-della-pandemia-la-paura-di-avere-paura\/","title":{"rendered":"Covid-19, l&#8217;ultimo disturbo della pandemia: &#8220;La paura di avere paura&#8221;"},"content":{"rendered":"<div id=\"fb-root\"><\/div>\n<p style=\"text-align: justify;\"><strong>LATINA<\/strong> &#8211; La paura di avere paura, di non riuscire ad affrontare le situazioni che la pandemia ci mette davanti, e a gestirle. E&#8217; quanto sta emergendo nell&#8217;ultimo periodo di emergenza Covid-19. Un disturbo che risparmia fortunatamente i pi\u00f9 piccoli che hanno un grande spirito di adattamento, ma sta emergendo diffusamente tra gli adolescenti. Un sentimento di ansia che toglie il sonno e la lucidit\u00e0 e qualche volta spinge all&#8217;isolamento, perch\u00e9 solo la casa \u00e8 considerata sicura. La paura di questi giorni \u00e8 un mix di tanti disturbi. Dobbiamo invece considerare il rispetto delle regole la cosa che pu\u00f2 aiutarci a vivere pi\u00f9 serenamente.<\/p>\n<audio class=\"wp-audio-shortcode\" id=\"audio-277270-1\" preload=\"none\" style=\"width: 100%;\" controls=\"controls\"><source type=\"audio\/mpeg\" src=\"https:\/\/www.radioluna.it\/news\/wp-content\/uploads\/2020\/10\/micoli-24.mp3?_=1\" \/><a href=\"https:\/\/www.radioluna.it\/news\/wp-content\/uploads\/2020\/10\/micoli-24.mp3\">https:\/\/www.radioluna.it\/news\/wp-content\/uploads\/2020\/10\/micoli-24.mp3<\/a><\/audio>\n<p style=\"text-align: justify;\">\n","protected":false},"excerpt":{"rendered":"<p>LATINA &#8211; La paura di avere paura, di non riuscire ad affrontare le situazioni che la pandemia ci mette davanti, e a gestirle. E&#8217; quanto sta emergendo nell&#8217;ultimo periodo di emergenza Covid-19. Un disturbo che risparmia fortunatamente i pi\u00f9 piccoli che hanno un grande spirito di adattamento, ma sta emergendo diffusamente tra gli adolescenti. Un [&hellip;]<\/p>\n","protected":false},"author":5438,"featured_media":277272,"comment_status":"open","ping_status":"open","sticky":false,"template":"","format":"standard","meta":{"footnotes":""},"categories":[2775],"tags":[],"class_list":["post-277270","post","type-post","status-publish","format-standard","has-post-thumbnail","hentry","category-societa"],"_links":{"self":[{"href":"https:\/\/www.radioluna.it\/news\/wp-json\/wp\/v2\/posts\/277270","targetHints":{"allow":["GET"]}}],"collection":[{"href":"https:\/\/www.radioluna.it\/news\/wp-json\/wp\/v2\/posts"}],"about":[{"href":"https:\/\/www.radioluna.it\/news\/wp-json\/wp\/v2\/types\/post"}],"author":[{"embeddable":true,"href":"https:\/\/www.radioluna.it\/news\/wp-json\/wp\/v2\/users\/5438"}],"replies":[{"embeddable":true,"href":"https:\/\/www.radioluna.it\/news\/wp-json\/wp\/v2\/comments?post=277270"}],"version-history":[{"count":0,"href":"https:\/\/www.radioluna.it\/news\/wp-json\/wp\/v2\/posts\/277270\/revisions"}],"wp:featuredmedia":[{"embeddable":true,"href":"https:\/\/www.radioluna.it\/news\/wp-json\/wp\/v2\/media\/277272"}],"wp:attachment":[{"href":"https:\/\/www.radioluna.it\/news\/wp-json\/wp\/v2\/media?parent=277270"}],"wp:term":[{"taxonomy":"category","embeddable":true,"href":"https:\/\/www.radioluna.it\/news\/wp-json\/wp\/v2\/categories?post=277270"},{"taxonomy":"post_tag","embeddable":true,"href":"https:\/\/www.radioluna.it\/news\/wp-json\/wp\/v2\/tags?post=277270"}],"curies":[{"name":"wp","href":"https:\/\/api.w.org\/{rel}","templated":true}]}}