{"id":277528,"date":"2020-10-28T12:28:50","date_gmt":"2020-10-28T11:28:50","guid":{"rendered":"https:\/\/www.radioluna.it\/news\/?p=277528"},"modified":"2020-10-28T12:32:39","modified_gmt":"2020-10-28T11:32:39","slug":"covid-19-la-asl-fase-drammatica-lavoriamo-sodo-e-pretendiamo-rispetto","status":"publish","type":"post","link":"https:\/\/www.radioluna.it\/news\/2020\/10\/covid-19-la-asl-fase-drammatica-lavoriamo-sodo-e-pretendiamo-rispetto\/","title":{"rendered":"Covid-19, la Asl: &#8220;Fase drammatica, lavoriamo sodo e pretendiamo rispetto&#8221;"},"content":{"rendered":"<div id=\"fb-root\"><\/div>\n<p style=\"text-align: justify;\"><strong>LATINA<\/strong> &#8211; &#8220;La pandemia COVID-19 si trova nel pieno della seconda ondata cos\u00ec drammatica da superare, per complessit\u00e0 e numeri in gioco, quella precedente sebbene, allo stato, il numero dei decessi sia significativamente inferiore&#8221;. Lo scrive in una nota la Direzione Generale della Asl di Latina spiegando punto per punto la situazione attuale e le difficolt\u00e0 quotidiane che si incontrano in una gestione che riguarda da una parte i pazienti e dall&#8217;altra la logistica con il Goretti che nelle prossime ore diventer\u00e0 nuovamente ospedale-Covid. Questa mattina sono stati persino tolti i banchi dalla cappella dell&#8217;ospedale per far posto ai letti di chi non ha ancora un posto nei reparti, ma che per le condizioni di salute va ricoverato.<\/p>\n<p style=\"text-align: justify;\">Riportiamo dunque integralmente qui il comunicato.<\/p>\n<p style=\"text-align: justify;\"><strong>LA NOTA<\/strong> &#8211; &#8220;La complessit\u00e0 della situazione deriva anche dall\u2019evidenza che, rispetto alla fase precedente, i sistemi sanitari devono agire in un contesto aperto che, inevitabilmente, favorisce la diffusione dell\u2019infezione da SARS-CoV-2 ma, al tempo stesso, mantenendo attivi tutti i servizi allo scopo di evitare che le persone affette da patologie no COVID vengano nuovamente poste nella condizione di una sospensione inaccettabile delle cure.<\/p>\n<p style=\"text-align: justify;\">Successivamente al periodo di lockdown, l\u2019Azienda ASL di Latina si \u00e8 trovata nella necessit\u00e0 di ripristinare gradualmente i servizi, territoriali ed ospedalieri, ha recuperato le prestazioni ambulatoriali \u201csospese\u201d nella fase di chiusura a tempo di record senza proclami, ma chiedendo ai professionisti uno sforzo senza precedenti. I reparti del Goretti, originariamente Ospedale COVID, sono stati progressivamente riaperti in un contesto di forte criticit\u00e0 per la compresenza, in ospedale, di pazienti COVID e no COVID. Forse ad alcuni sfugge cosa ha significato questo per assicurare servizi adeguati e sicurezza.<\/p>\n<p style=\"text-align: justify;\">Nel periodo estivo, si \u00e8 assistito ad un vero e proprio \u201ctana liberi tutti\u201d, le regole di prevenzione individuale sono state dimenticate frettolosamente generando quel pericoloso abbassamento della guardia di cui oggi paghiamo le conseguenze in termini di numero e diffusione dei contagiati. A chi ritiene che la situazione non sia drammatica, atteso che gran parte dei positivi sono asintomatici, si suggerisce di fare una visita ai reparti COVID per comprendere appieno che il virus non si \u00e8 affatto indebolito. Se durante il lockdown, al Goretti si \u00e8 arrivati a punte di pazienti ricoverati contemporaneamente fino a 80-85, in questo momento il numero \u00e8 salito superando abbondantemente quota 100 in un ospedale che, in effetti, non \u00e8 stato integralmente dedicato a COVID.<\/p>\n<p style=\"text-align: justify;\">Questo risultato va ascritto alla capacit\u00e0 di riconvertire, di nuovo a tempo di record, reparti interi per rendere disponibili posti letto per pazienti COVID in misura anche superiore a quanto stabilito nelle ordinanze della Regione Lazio. I nostri professionisti stanno compattando di nuovo le squadre, rinunciando a ferie e congedi, per essere ancora in prima linea ed assicurare l\u2019assistenza ai malati.<\/p>\n<p style=\"text-align: justify;\">Sul fronte diagnostico, l\u2019ASL di Latina, sempre senza proclami e lavorando sodo, ha riorganizzato i drive-in introducendo per prima nel Paese il sistema di prenotazione e rendendo \u201cnormale\u201d l\u2019effettuazione dei tamponi quando altrove ci\u00f2 richiedeva ore e ore di attesa. Il sistema di telemonitoraggio dei pazienti positivi a domicilio prosegue con risultati che vengono sottolineati a livello nazionale. A seguito dell\u2019attivazione di cluster presso strutture residenziali, si procede sistematicamente ad introdurre la telemetria, anche in questo caso unica esperienza del Paese, nelle realt\u00e0 interessate consentendo, in termini concreti, di intercettare i peggioramenti delle condizioni cliniche degli ospiti con quell\u2019anticipo che spesso rappresenta il fattore che pu\u00f2 fare la differenza tra la morte e la sopravvivenza.<\/p>\n<p style=\"text-align: justify;\">A seguito di uno sforzo di questa natura, realizzato in tempi brevissimi e con largo anticipo rispetto ad altre realt\u00e0, ottenuto in un contesto in cui le risorse a disposizione, nonostante l\u2019enorme disponibilit\u00e0 mostrata dai nostri professionisti, hanno comunque un limite invalicabile, \u00e8 stupefacente osservare come qualcuno mostri sorpresa o sdegno segnalando le inevitabili situazioni di difficolt\u00e0 che un\u2019organizzazione affronta in un momento cos\u00ec drammatico e complesso.<\/p>\n<p style=\"text-align: justify;\">Situazioni difficili ce ne sono e ce ne saranno altre sia nelle prossime settimane, sia nel periodo invernale. Le situazioni difficili, creano disagi nelle persone, sia nei professionisti sia nei pazienti. Non serve a tanto stigmatizzare in modo drammatico queste situazioni serve, invece, mettersi a disposizione e cercare di dare un contributo positivo per la risoluzione dei problemi. Quella contro la SARS-CoV-2, per chi non lo avesse ancora compreso, \u00e8 una guerra vera e propria e, in guerra, i disertori non servono. Nessuno di noi vuole essere ringraziato per quello che si sta facendo, in definitiva questo \u00e8 il nostro lavoro. Ma il rispetto, questo lo pretendiamo&#8221;.<\/p>\n","protected":false},"excerpt":{"rendered":"<p>LATINA &#8211; &#8220;La pandemia COVID-19 si trova nel pieno della seconda ondata cos\u00ec drammatica da superare, per complessit\u00e0 e numeri in gioco, quella precedente sebbene, allo stato, il numero dei decessi sia significativamente inferiore&#8221;. Lo scrive in una nota la Direzione Generale della Asl di Latina spiegando punto per punto la situazione attuale e le [&hellip;]<\/p>\n","protected":false},"author":62,"featured_media":277530,"comment_status":"open","ping_status":"open","sticky":false,"template":"","format":"standard","meta":{"footnotes":""},"categories":[2616],"tags":[],"class_list":["post-277528","post","type-post","status-publish","format-standard","has-post-thumbnail","hentry","category-sanita"],"_links":{"self":[{"href":"https:\/\/www.radioluna.it\/news\/wp-json\/wp\/v2\/posts\/277528","targetHints":{"allow":["GET"]}}],"collection":[{"href":"https:\/\/www.radioluna.it\/news\/wp-json\/wp\/v2\/posts"}],"about":[{"href":"https:\/\/www.radioluna.it\/news\/wp-json\/wp\/v2\/types\/post"}],"author":[{"embeddable":true,"href":"https:\/\/www.radioluna.it\/news\/wp-json\/wp\/v2\/users\/62"}],"replies":[{"embeddable":true,"href":"https:\/\/www.radioluna.it\/news\/wp-json\/wp\/v2\/comments?post=277528"}],"version-history":[{"count":0,"href":"https:\/\/www.radioluna.it\/news\/wp-json\/wp\/v2\/posts\/277528\/revisions"}],"wp:featuredmedia":[{"embeddable":true,"href":"https:\/\/www.radioluna.it\/news\/wp-json\/wp\/v2\/media\/277530"}],"wp:attachment":[{"href":"https:\/\/www.radioluna.it\/news\/wp-json\/wp\/v2\/media?parent=277528"}],"wp:term":[{"taxonomy":"category","embeddable":true,"href":"https:\/\/www.radioluna.it\/news\/wp-json\/wp\/v2\/categories?post=277528"},{"taxonomy":"post_tag","embeddable":true,"href":"https:\/\/www.radioluna.it\/news\/wp-json\/wp\/v2\/tags?post=277528"}],"curies":[{"name":"wp","href":"https:\/\/api.w.org\/{rel}","templated":true}]}}