{"id":277700,"date":"2020-10-31T12:39:25","date_gmt":"2020-10-31T11:39:25","guid":{"rendered":"https:\/\/www.radioluna.it\/news\/?p=277700"},"modified":"2020-11-04T13:03:12","modified_gmt":"2020-11-04T12:03:12","slug":"damiano-coletta-scioglie-la-riserva-mi-ricandido-a-sindaco","status":"publish","type":"post","link":"https:\/\/www.radioluna.it\/news\/2020\/10\/damiano-coletta-scioglie-la-riserva-mi-ricandido-a-sindaco\/","title":{"rendered":"Damiano Coletta scioglie la riserva: &#8220;Mi ricandido a Sindaco&#8221;. Confermato il &#8220;no&#8221; alle primarie"},"content":{"rendered":"<div id=\"fb-root\"><\/div>\n<p style=\"text-align: justify;\"><strong>LATINA &#8211; <\/strong>Si era preso un periodo di tempo per pensarci su, dopo la richiesta di ricandidarsi a sindaco alle prossime <strong>Amministrative 2021<\/strong>, arrivatagli dalla base del Movimento<strong> Latina Bene Comune<\/strong>.<\/p>\n<p style=\"text-align: justify;\">Oggi, <strong>Damiano Coletta<\/strong>, primo sindaco civico di Latina ha deciso di accettare la sfida. &#8220;Sono disposto a dare il mio impegno al 100%&#8221;. Lo ha detto in apertura di una videoconferenza stampa.<\/p>\n<p style=\"text-align: justify;\">&#8220;Abbiamo sottratto la citt\u00e0 alle infiltrazioni della criminalit\u00e0 organizzata. E&#8217; vero &#8211; ha detto Coletta &#8211; non si governa solo con la legalit\u00e0, ma la legalit\u00e0 \u00e8 una condizione sine qua non. Stiamo arrivando al compimento della nostra esperienza amministrativa e lo abbiamo fatto con i valori annunciati, quelli del civismo, ma oggi dobbiamo aprirci al dialogo con i partiti che hanno preso le distanze da chi ha guidato in passato la citt\u00e0 con un sistema clientelare. Il Partito Democratico, i Cinque Stelle con cui stiamo dialogando mantenendo per\u00f2 l&#8217;identit\u00e0 del civismo. Questo drammatico presente \u00e8 una sfida che va vinta con tutte le energie positive e responsabili che devono scendere in campo per sconfiggere strumentalizzazioni, pregiudizi, ignoranza. Ragionando in termini di collettivit\u00e0 e di bene comune, mettendo al centro l&#8217;equit\u00e0, per costruire una Latina libera&#8221;.<\/p>\n<p>Coletta ha confermato il suo no alle primarie.<\/p>\n<audio class=\"wp-audio-shortcode\" id=\"audio-277700-1\" preload=\"none\" style=\"width: 100%;\" controls=\"controls\"><source type=\"audio\/mpeg\" src=\"https:\/\/www.radioluna.it\/news\/wp-content\/uploads\/2020\/10\/coletta.mp3?_=1\" \/><a href=\"https:\/\/www.radioluna.it\/news\/wp-content\/uploads\/2020\/10\/coletta.mp3\">https:\/\/www.radioluna.it\/news\/wp-content\/uploads\/2020\/10\/coletta.mp3<\/a><\/audio>\n<p style=\"text-align: justify;\">Latina Bene Comune gi\u00e0 ai primi di ottobre aveva dato la propria indicazione spiegando di voler proseguire il dialogo con le altre forze del campo largo, sgombrando il campo da dubbi:\u00a0 &#8220;seppur con critiche che accettiamo e siamo pronti ad accogliere, l&#8217;esperienza amministrativa del 2016 deve essere considerata come un punto di partenza per poter programmare il futuro&#8221; e dunque il campo largo &#8220;non potr\u00e0 che ruotare attorno alla candidatura di Coletta&#8221;.<\/p>\n","protected":false},"excerpt":{"rendered":"<p>LATINA &#8211; Si era preso un periodo di tempo per pensarci su, dopo la richiesta di ricandidarsi a sindaco alle prossime Amministrative 2021, arrivatagli dalla base del Movimento Latina Bene Comune. Oggi, Damiano Coletta, primo sindaco civico di Latina ha deciso di accettare la sfida. &#8220;Sono disposto a dare il mio impegno al 100%&#8221;. Lo [&hellip;]<\/p>\n","protected":false},"author":62,"featured_media":268705,"comment_status":"open","ping_status":"open","sticky":false,"template":"","format":"standard","meta":{"footnotes":""},"categories":[2310,2403,8],"tags":[],"class_list":["post-277700","post","type-post","status-publish","format-standard","has-post-thumbnail","hentry","category-audio","category-le-cose-in-comune","category-politica"],"_links":{"self":[{"href":"https:\/\/www.radioluna.it\/news\/wp-json\/wp\/v2\/posts\/277700","targetHints":{"allow":["GET"]}}],"collection":[{"href":"https:\/\/www.radioluna.it\/news\/wp-json\/wp\/v2\/posts"}],"about":[{"href":"https:\/\/www.radioluna.it\/news\/wp-json\/wp\/v2\/types\/post"}],"author":[{"embeddable":true,"href":"https:\/\/www.radioluna.it\/news\/wp-json\/wp\/v2\/users\/62"}],"replies":[{"embeddable":true,"href":"https:\/\/www.radioluna.it\/news\/wp-json\/wp\/v2\/comments?post=277700"}],"version-history":[{"count":0,"href":"https:\/\/www.radioluna.it\/news\/wp-json\/wp\/v2\/posts\/277700\/revisions"}],"wp:featuredmedia":[{"embeddable":true,"href":"https:\/\/www.radioluna.it\/news\/wp-json\/wp\/v2\/media\/268705"}],"wp:attachment":[{"href":"https:\/\/www.radioluna.it\/news\/wp-json\/wp\/v2\/media?parent=277700"}],"wp:term":[{"taxonomy":"category","embeddable":true,"href":"https:\/\/www.radioluna.it\/news\/wp-json\/wp\/v2\/categories?post=277700"},{"taxonomy":"post_tag","embeddable":true,"href":"https:\/\/www.radioluna.it\/news\/wp-json\/wp\/v2\/tags?post=277700"}],"curies":[{"name":"wp","href":"https:\/\/api.w.org\/{rel}","templated":true}]}}