{"id":277866,"date":"2020-11-03T15:09:43","date_gmt":"2020-11-03T14:09:43","guid":{"rendered":"https:\/\/www.radioluna.it\/news\/?p=277866"},"modified":"2020-11-03T15:09:43","modified_gmt":"2020-11-03T14:09:43","slug":"il-pd-difende-casati-la-visita-evento-di-simeone-e-lega-inopportuna-in-questa-fase","status":"publish","type":"post","link":"https:\/\/www.radioluna.it\/news\/2020\/11\/il-pd-difende-casati-la-visita-evento-di-simeone-e-lega-inopportuna-in-questa-fase\/","title":{"rendered":"Il Pd difende Casati: &#8220;La visita-evento di Simeone e Lega inopportuna in questa fase&#8221;"},"content":{"rendered":"<div id=\"fb-root\"><\/div>\n<p style=\"text-align: justify;\"><strong>LATINA<\/strong> &#8211; &#8220;La visita &#8211; evento mediatico &#8211; effettuata dal Presidente della Commissione sanit\u00e0 della Regione Lazio Giuseppe Simeone, insieme alla Lega, lascia basiti per modalit\u00e0 e per sostanza. In questa fase occorrono responsabilit\u00e0 e collaborazione istituzionale&#8221;. Intervengono nel dibattito Claudio Moscardelli, Segretario Provinciale del PD di Latina e i consiglieri regionali pontini Enrico Forte e Salvatore La Penna.<br \/>\n&#8220;La seconda ondata ha colpito una fascia molto pi\u00f9 estesa di popolazione ed anche le strutture sanitarie della nostra provincia subiscono una forte pressione. I cittadini sono preoccupati per la propria salute e molti sono i contagi. Nonostante ci\u00f2 nel Lazio la nostra provincia ha un indice contenuto e la Asl \u00e8 sempre stata in prima linea nell\u2019assumersi responsabilit\u00e0 che hanno mitigato le conseguenze. Medici , infermieri ed operatori sanitari sono sempre impegnati al massimo e al servizio di tutti. In questa situazione occorre far prevalere le ragioni della responsabilit\u00e0 e della cooperazione.\u00a0 Non sappiamo a quale modello facciano riferimento alcuni esponenti per essere sempre in tribuna a lanciare accuse. Un po\u2019 di equilibrio sarebbe d\u2019obbligo, viste le vicende drammatiche che in altre regioni abbiamo vissuto e viviamo tuttora &#8211; scrivono in una nota &#8211; Si chiedono a gran voce lumi al DG Casati della Asl di Latina sulla programmazione da parte del Presidente della Commissione sanit\u00e0 della Regione Lazio. La programmazione \u00e8 quella della Regione Lazio e il ruolo del Presidente della Commissione sanit\u00e0 non \u00e8 certo indiretto. Magari un suo contributo sul Lazio sarebbe interessante terreno di confronto.<br \/>\nContinuare in questa direzione \u00e8 sbagliato. Siamo per una collaborazione istituzionale e crediamo che su questo piano tutte le forze politiche possano avanzare proposte costruttive nell\u2019interesse dei cittadini&#8221;.<\/p>\n","protected":false},"excerpt":{"rendered":"<p>LATINA &#8211; &#8220;La visita &#8211; evento mediatico &#8211; effettuata dal Presidente della Commissione sanit\u00e0 della Regione Lazio Giuseppe Simeone, insieme alla Lega, lascia basiti per modalit\u00e0 e per sostanza. In questa fase occorrono responsabilit\u00e0 e collaborazione istituzionale&#8221;. Intervengono nel dibattito Claudio Moscardelli, Segretario Provinciale del PD di Latina e i consiglieri regionali pontini Enrico Forte [&hellip;]<\/p>\n","protected":false},"author":62,"featured_media":277867,"comment_status":"open","ping_status":"open","sticky":false,"template":"","format":"standard","meta":{"footnotes":""},"categories":[8],"tags":[],"class_list":["post-277866","post","type-post","status-publish","format-standard","has-post-thumbnail","hentry","category-politica"],"_links":{"self":[{"href":"https:\/\/www.radioluna.it\/news\/wp-json\/wp\/v2\/posts\/277866","targetHints":{"allow":["GET"]}}],"collection":[{"href":"https:\/\/www.radioluna.it\/news\/wp-json\/wp\/v2\/posts"}],"about":[{"href":"https:\/\/www.radioluna.it\/news\/wp-json\/wp\/v2\/types\/post"}],"author":[{"embeddable":true,"href":"https:\/\/www.radioluna.it\/news\/wp-json\/wp\/v2\/users\/62"}],"replies":[{"embeddable":true,"href":"https:\/\/www.radioluna.it\/news\/wp-json\/wp\/v2\/comments?post=277866"}],"version-history":[{"count":0,"href":"https:\/\/www.radioluna.it\/news\/wp-json\/wp\/v2\/posts\/277866\/revisions"}],"wp:featuredmedia":[{"embeddable":true,"href":"https:\/\/www.radioluna.it\/news\/wp-json\/wp\/v2\/media\/277867"}],"wp:attachment":[{"href":"https:\/\/www.radioluna.it\/news\/wp-json\/wp\/v2\/media?parent=277866"}],"wp:term":[{"taxonomy":"category","embeddable":true,"href":"https:\/\/www.radioluna.it\/news\/wp-json\/wp\/v2\/categories?post=277866"},{"taxonomy":"post_tag","embeddable":true,"href":"https:\/\/www.radioluna.it\/news\/wp-json\/wp\/v2\/tags?post=277866"}],"curies":[{"name":"wp","href":"https:\/\/api.w.org\/{rel}","templated":true}]}}