{"id":277870,"date":"2020-11-03T15:29:45","date_gmt":"2020-11-03T14:29:45","guid":{"rendered":"https:\/\/www.radioluna.it\/news\/?p=277870"},"modified":"2020-11-03T17:00:08","modified_gmt":"2020-11-03T16:00:08","slug":"covid-19-quattro-morti-in-un-giorno-a-latina","status":"publish","type":"post","link":"https:\/\/www.radioluna.it\/news\/2020\/11\/covid-19-quattro-morti-in-un-giorno-a-latina\/","title":{"rendered":"Covid-19, quattro morti in un giorno a Latina"},"content":{"rendered":"<div id=\"fb-root\"><\/div>\n<p style=\"text-align: justify;\"><strong>LATINA<\/strong> &#8211;\u00a0 &#8220;Solo&#8221; 53 nuovi casi in provincia di Latina, ma non c&#8217;\u00e8 da gioire. Il dato emerge al termine di una giornata che ha contato quattro decessi al Goretti: due pazienti residenti a Latina, uno a Itri e uno di Terracina, \u00a0di 74, 81, 92 e 93 anni, tutti con patologie pregresse, per un totale di 62 morti per Covid da marzo ad oggi. Inoltre nella giornata di luned\u00ec, il numero dei tamponi lavorati \u00e8 stato circa il 40% rispetto all&#8217;ordinario (-60%), dunque i 53 non sono frutto di una diminuzione effettiva dei contagi.<\/p>\n<p style=\"text-align: justify;\">I nuovi positivi al Covid sono emersi nei Comuni di Aprilia (18), Castelforte (2),\u00a0 Cisterna di Latina (4), Fondi (1), Gaeta (3),\u00a0 Latina (13),\u00a0 Minturno (3), Sabaudia(2), Sermoneta (1), Sezze (1) e\u00a0 Terracina (5).<br \/>\nIl numero totale dei casi a Latina e provincia ha superato oggi i quattromila (4026) e l&#8217;indice di prevalenza \u00e8 ormai del 70 ogni diecimila abitanti (69,99). Aumentano i guariti ora a 955. Sono 3009 i positivi attivi e i ricoverati hanno raggiunto la cifra di 160.<\/p>\n<p style=\"text-align: justify;\">Oggi, intanto, l\u2019assessore regionale alla Sanit\u00e0 Alessio D\u2019Amato ha incontrato l\u2019Anaao Assomed, sindacato di medici e dirigenti sanitari, anticipando una nuova ordinanza che aumenter\u00e0 considerevolmente il numero dei posti letto dedicati a casi di Coronavirus. Nell\u2019incontro \u00e8 stata evidenziata la necessit\u00e0 di potenziare la rete Covid proteggendo di pi\u00f9 i sanitari che si stanno infettando maggiormente rispetto alla fase 1 della pandemia. D\u2019Amato ha anche parlato di una nuova vasta campagna di test sierologici tra gli operatori sanitari. Nell\u2019attivit\u00e0 assistenziale, inoltre, si punter\u00e0 ad inserire subito sia gli studenti specializzandi che i neo laureati in medicina. Sul tavolo, infine, l\u2019apertura di una manifestazione di interesse rivolta anche a medici liberi professionisti, per incrementare l\u2019attivit\u00e0 assistenziale.<\/p>\n","protected":false},"excerpt":{"rendered":"<p>LATINA &#8211;\u00a0 &#8220;Solo&#8221; 53 nuovi casi in provincia di Latina, ma non c&#8217;\u00e8 da gioire. Il dato emerge al termine di una giornata che ha contato quattro decessi al Goretti: due pazienti residenti a Latina, uno a Itri e uno di Terracina, \u00a0di 74, 81, 92 e 93 anni, tutti con patologie pregresse, per un [&hellip;]<\/p>\n","protected":false},"author":62,"featured_media":277871,"comment_status":"open","ping_status":"open","sticky":false,"template":"","format":"standard","meta":{"footnotes":""},"categories":[2616],"tags":[],"class_list":["post-277870","post","type-post","status-publish","format-standard","has-post-thumbnail","hentry","category-sanita"],"_links":{"self":[{"href":"https:\/\/www.radioluna.it\/news\/wp-json\/wp\/v2\/posts\/277870","targetHints":{"allow":["GET"]}}],"collection":[{"href":"https:\/\/www.radioluna.it\/news\/wp-json\/wp\/v2\/posts"}],"about":[{"href":"https:\/\/www.radioluna.it\/news\/wp-json\/wp\/v2\/types\/post"}],"author":[{"embeddable":true,"href":"https:\/\/www.radioluna.it\/news\/wp-json\/wp\/v2\/users\/62"}],"replies":[{"embeddable":true,"href":"https:\/\/www.radioluna.it\/news\/wp-json\/wp\/v2\/comments?post=277870"}],"version-history":[{"count":0,"href":"https:\/\/www.radioluna.it\/news\/wp-json\/wp\/v2\/posts\/277870\/revisions"}],"wp:featuredmedia":[{"embeddable":true,"href":"https:\/\/www.radioluna.it\/news\/wp-json\/wp\/v2\/media\/277871"}],"wp:attachment":[{"href":"https:\/\/www.radioluna.it\/news\/wp-json\/wp\/v2\/media?parent=277870"}],"wp:term":[{"taxonomy":"category","embeddable":true,"href":"https:\/\/www.radioluna.it\/news\/wp-json\/wp\/v2\/categories?post=277870"},{"taxonomy":"post_tag","embeddable":true,"href":"https:\/\/www.radioluna.it\/news\/wp-json\/wp\/v2\/tags?post=277870"}],"curies":[{"name":"wp","href":"https:\/\/api.w.org\/{rel}","templated":true}]}}