{"id":277917,"date":"2020-11-03T20:54:25","date_gmt":"2020-11-03T19:54:25","guid":{"rendered":"https:\/\/www.radioluna.it\/news\/?p=277917"},"modified":"2020-11-04T11:01:19","modified_gmt":"2020-11-04T10:01:19","slug":"linfettivologa-in-conferenza-con-il-sindaco-di-latina-i-nonni-un-patrimonio-da-preservare","status":"publish","type":"post","link":"https:\/\/www.radioluna.it\/news\/2020\/11\/linfettivologa-in-conferenza-con-il-sindaco-di-latina-i-nonni-un-patrimonio-da-preservare\/","title":{"rendered":"L&#8217;infettivologa in conferenza con il sindaco di Latina: &#8220;I nonni un patrimonio da preservare&#8221;&#8221;"},"content":{"rendered":"<div id=\"fb-root\"><\/div>\n<p><iframe loading=\"lazy\" style=\"border: none; overflow: hidden;\" src=\"https:\/\/www.facebook.com\/plugins\/video.php?href=https%3A%2F%2Fwww.facebook.com%2Fcomunedilatina%2Fvideos%2F394324691618878%2F&amp;show_text=0&amp;width=560\" width=\"560\" height=\"315\" frameborder=\"0\" scrolling=\"no\" allowfullscreen=\"allowfullscreen\"><\/iframe><\/p>\n<p style=\"text-align: justify;\"><strong>LATINA<\/strong>\u00a0 \u00a0&#8211; &#8220;Ci tengo a portare la mia testimonianza che \u00e8 quella non solo degli infettivologi, ma di tutti i medici dell&#8217;ospedale. Quello che la Asl sta facendo \u00e8 cercare di ridurre il carico ospedaliero perch\u00e9 stiamo saturando tutti gli spazi. Se contiamo quanti malati arrivano in pronto soccorso e quanti hanno bisogno di ricovero per salvarli dall&#8217;evoluzione pi\u00f9 infausta, capiamo che \u00e8 un&#8217;azione che pu\u00f2 essere paragonabile a svuotare il mare con un cucchiaino&#8221;.<\/p>\n<p>L&#8217;infettivologa del Goretti Miriam Lichter ha illustrato la situazione sul fronte Covid in una videoconferenza con il sindaco di Latina Damiano Coletta tratteggiando luci e ombre, aspetti positivi e negativi dell&#8217;attuale emergenza sanitaria.<\/p>\n<p style=\"text-align: justify;\">&#8220;L&#8217;emersione di molti asintomatici o pauci sintomatici porta a sottovalutare la malattia. Queste persone c&#8217;erano anche a marzo ma noi non lo sapevamo perch\u00e9 facevamo pochi tamponi e li facevamo solo a chi stava male. Ma oggi\u00a0 i nostri ospedali sono pieni pi\u00f9 che a marzo, e i pazienti che arrivano stanno male. Abbiamo 186 pazienti ricoverati al Goretti, ambulanze parcheggiate in attesa di scaricarne altri, e non perch\u00e9\u00a0 non sappiamo organizzare, perch\u00e9 il virus \u00e8 molto diffuso&#8221;.<\/p>\n<p style=\"text-align: justify;\"><strong>DEGENZA MEDIA PIU&#8217; BREVE<\/strong> &#8211; Al momento abbiamo un numero sostenuto di pazienti infettati tra i 40 e i 60 anni. Tre pazienti intubati in rianimazione e pi\u00f9 di 25 pazienti in ventilazione non invasiva con il casco Cpap, strategia che si \u00e8 dimostrata anche a marzo una delle pi\u00f9 efficaci a disposizione dei medici per superare gli effetti del Covid-19. Abbiamo ora anche a disposizione al Goretti un\u00a0 farmaco antivirale in quantit\u00e0 superiore perch\u00e9 \u00e8 stato approvato in Europa e dall&#8217;Aifa e che ordiniamo giornalmente\u00a0 per i pazienti che hanno un deficit respiratorio in fase iniziale e che ci sta dando buoni risultati se usato precocemente. Rispetto alla prima ondata si stanno riducendo i tempi di degenza che attualmente \u00e8 intorno ai 6 sette giorni in una situazione di danno medio. Quando l&#8217;infezione \u00e8 diffusa a tutti i lobi polmonari invece \u00e8 diverso e serve pi\u00f9 tempo. E&#8217; importante fare diagnosi rapide e il nostro laboratorio lo fa in maniera sempre pi\u00f9 precisa e diffusa&#8221;, ha aggiunto Lichtner che rimarca: &#8220;Non ci sogniamo di tenere le persone in ospedale se non ce n&#8217;\u00e8 bisogno, perch\u00e9 i posti ci servono per curare chi sta male. Nelle ambulanze non abbiamo gente che urla o che starnutisce, abbiamo pazienti che stanno male&#8221;.<\/p>\n<p style=\"text-align: justify;\">Sul fronte delle diagnosi anche la nuova Tac Force donata al Goretti dalla Fondazione sanit\u00e0 e Ricerca sta facendo la sua parte, consentendo di avere a disposizione velocemente le immagini polmonari.<\/p>\n<p style=\"text-align: justify;\"><strong>L&#8217;APPELLO AI GIOVANI<\/strong> &#8211; &#8220;I genitori non devono preoccuparsi dei giovani che stanno bene, devono preoccuparsi di loro stessi e dei loro genitori. Gli anziani, i nostri nonni &#8211; ha detto Lichtner &#8211; sono un patrimonio da preservare. Su di loro il virus causa una serie di complicanze che \u00e8sitano nella morte del paziente. Dobbiamo poi proteggere la fascia media della popolazione con la diagnosi precoce e agire sui giovani, per cercare di farci aiutare a diffondere il meno possibile il virus e dobbiamo poi farci aiutare dai giovani medici che pi\u00f9 di altri riescono ad entrare in contatto con i\u00a0 ragazzi&#8221;.<\/p>\n<p>&nbsp;<\/p>\n","protected":false},"excerpt":{"rendered":"<p>LATINA\u00a0 \u00a0&#8211; &#8220;Ci tengo a portare la mia testimonianza che \u00e8 quella non solo degli infettivologi, ma di tutti i medici dell&#8217;ospedale. Quello che la Asl sta facendo \u00e8 cercare di ridurre il carico ospedaliero perch\u00e9 stiamo saturando tutti gli spazi. Se contiamo quanti malati arrivano in pronto soccorso e quanti hanno bisogno di ricovero [&hellip;]<\/p>\n","protected":false},"author":62,"featured_media":277918,"comment_status":"open","ping_status":"open","sticky":false,"template":"","format":"video","meta":{"footnotes":""},"categories":[2616,2312],"tags":[],"class_list":["post-277917","post","type-post","status-publish","format-video","has-post-thumbnail","hentry","category-sanita","category-video","post_format-post-format-video"],"_links":{"self":[{"href":"https:\/\/www.radioluna.it\/news\/wp-json\/wp\/v2\/posts\/277917","targetHints":{"allow":["GET"]}}],"collection":[{"href":"https:\/\/www.radioluna.it\/news\/wp-json\/wp\/v2\/posts"}],"about":[{"href":"https:\/\/www.radioluna.it\/news\/wp-json\/wp\/v2\/types\/post"}],"author":[{"embeddable":true,"href":"https:\/\/www.radioluna.it\/news\/wp-json\/wp\/v2\/users\/62"}],"replies":[{"embeddable":true,"href":"https:\/\/www.radioluna.it\/news\/wp-json\/wp\/v2\/comments?post=277917"}],"version-history":[{"count":0,"href":"https:\/\/www.radioluna.it\/news\/wp-json\/wp\/v2\/posts\/277917\/revisions"}],"wp:featuredmedia":[{"embeddable":true,"href":"https:\/\/www.radioluna.it\/news\/wp-json\/wp\/v2\/media\/277918"}],"wp:attachment":[{"href":"https:\/\/www.radioluna.it\/news\/wp-json\/wp\/v2\/media?parent=277917"}],"wp:term":[{"taxonomy":"category","embeddable":true,"href":"https:\/\/www.radioluna.it\/news\/wp-json\/wp\/v2\/categories?post=277917"},{"taxonomy":"post_tag","embeddable":true,"href":"https:\/\/www.radioluna.it\/news\/wp-json\/wp\/v2\/tags?post=277917"}],"curies":[{"name":"wp","href":"https:\/\/api.w.org\/{rel}","templated":true}]}}