{"id":277968,"date":"2020-11-04T12:13:08","date_gmt":"2020-11-04T11:13:08","guid":{"rendered":"https:\/\/www.radioluna.it\/news\/?p=277968"},"modified":"2020-11-05T19:19:52","modified_gmt":"2020-11-05T18:19:52","slug":"la-regione-lazio-ha-prorogato-i-termini-per-i-pacchetti-vacanza-per-persone-con-disabilita","status":"publish","type":"post","link":"https:\/\/www.radioluna.it\/news\/2020\/11\/la-regione-lazio-ha-prorogato-i-termini-per-i-pacchetti-vacanza-per-persone-con-disabilita\/","title":{"rendered":"La Regione Lazio ha prorogato i\u00a0termini per i Pacchetti vacanza\u00a0per persone con disabilit\u00e0"},"content":{"rendered":"<div id=\"fb-root\"><\/div>\n<p style=\"text-align: justify;\"><strong>La Regione Lazio ha prorogato i\u00a0termini per i Pacchetti vacanza\u00a0per persone con disabilit\u00e0<\/strong>. La presentazione delle domande, la cui scadenza originaria era prevista per il 30 novembre 2020, potr\u00e0 essere effettuata\u00a0entro le ore 24 del 31 marzo 2021. I soggetti che hanno gi\u00e0 presentato domanda e coloro che lo faranno entro i nuovi termini, potranno realizzare i\u00a0soggiorni entro il 31 maggio 2021\u00a0(il termine iniziale era il 31 dicembre 2020). A darne notizia \u00e8 l\u2019assessore alle Politiche sociali, Welfare ed Enti locali della Regione Lazio,\u00a0Alessandra Troncarelli.<\/p>\n<p style=\"text-align: justify;\">\u201cVista l\u2019attuale situazione epidemiologica &#8211;\u00a0 spiega l\u2019assessore\u00a0Troncarelli\u00a0\u2013 la Regione Lazio ha ritenuto opportuno agevolare la partecipazione, prolungando i termini. Una decisione doverosa per venire incontro alle esigenze delle persone con disabilit\u00e0, particolarmente colpite insieme alle loro famiglie dall\u2019emergenza sanitaria in corso e dalle sue conseguenze, ma anche agli enti del terzo settore che organizzano le attivit\u00e0\u201d.<\/p>\n<p style=\"text-align: justify;\">\u201cRicordo \u2013 continua\u00a0Troncarelli\u00a0\u2013 che il bando mette a disposizione\u00a07 milioni di euro. Si tratta del\u00a0primo investimento in soggiorni estivi per disabili adulti, realizzato dalla Regione Lazio. Questi fondi consentono di coprire il costo sia per gli utenti sia per gli operatori che li accompagnano. Con questa misura la Regione Lazio promuove il valore relazionale e terapeutico delle attivit\u00e0 in favore dei disabili maggiorenni, fornendo un sostegno concreto e immediato anche alle loro famiglie\u201d.<\/p>\n<p style=\"text-align: justify;\">Restano invariate le modalit\u00e0 di partecipazione, ovvero esclusivamente per via telematica tramite la Piattaforma efamily disponibile all\u2019indirizzo\u00a0<a href=\"https:\/\/www.efamilysg.it\/pacchetti-vacanze\/piattaforma-efamily.html\">https:\/\/www.efamilysg.it\/pacchetti-vacanze\/piattaforma-efamily.html<\/a>. Per ulteriori informazioni, \u00e8 possibile contattare il numero verde gratuito 800.279.948 (dal luned\u00ec al venerd\u00ec, dalle 9 alle 12:30 e dalle 14 alle 17:30) oppure scrivere a\u00a0info@efamilysg.it.<\/p>\n<p>&nbsp;<\/p>\n","protected":false},"excerpt":{"rendered":"<p>La Regione Lazio ha prorogato i\u00a0termini per i Pacchetti vacanza\u00a0per persone con disabilit\u00e0. La presentazione delle domande, la cui scadenza originaria era prevista per il 30 novembre 2020, potr\u00e0 essere effettuata\u00a0entro le ore 24 del 31 marzo 2021. I soggetti che hanno gi\u00e0 presentato domanda e coloro che lo faranno entro i nuovi termini, potranno [&hellip;]<\/p>\n","protected":false},"author":62,"featured_media":273008,"comment_status":"open","ping_status":"open","sticky":false,"template":"","format":"standard","meta":{"footnotes":""},"categories":[735],"tags":[],"class_list":["post-277968","post","type-post","status-publish","format-standard","has-post-thumbnail","hentry","category-attualita"],"_links":{"self":[{"href":"https:\/\/www.radioluna.it\/news\/wp-json\/wp\/v2\/posts\/277968","targetHints":{"allow":["GET"]}}],"collection":[{"href":"https:\/\/www.radioluna.it\/news\/wp-json\/wp\/v2\/posts"}],"about":[{"href":"https:\/\/www.radioluna.it\/news\/wp-json\/wp\/v2\/types\/post"}],"author":[{"embeddable":true,"href":"https:\/\/www.radioluna.it\/news\/wp-json\/wp\/v2\/users\/62"}],"replies":[{"embeddable":true,"href":"https:\/\/www.radioluna.it\/news\/wp-json\/wp\/v2\/comments?post=277968"}],"version-history":[{"count":0,"href":"https:\/\/www.radioluna.it\/news\/wp-json\/wp\/v2\/posts\/277968\/revisions"}],"wp:featuredmedia":[{"embeddable":true,"href":"https:\/\/www.radioluna.it\/news\/wp-json\/wp\/v2\/media\/273008"}],"wp:attachment":[{"href":"https:\/\/www.radioluna.it\/news\/wp-json\/wp\/v2\/media?parent=277968"}],"wp:term":[{"taxonomy":"category","embeddable":true,"href":"https:\/\/www.radioluna.it\/news\/wp-json\/wp\/v2\/categories?post=277968"},{"taxonomy":"post_tag","embeddable":true,"href":"https:\/\/www.radioluna.it\/news\/wp-json\/wp\/v2\/tags?post=277968"}],"curies":[{"name":"wp","href":"https:\/\/api.w.org\/{rel}","templated":true}]}}