{"id":277995,"date":"2020-11-04T14:03:14","date_gmt":"2020-11-04T13:03:14","guid":{"rendered":"https:\/\/www.radioluna.it\/news\/?p=277995"},"modified":"2020-11-06T10:23:08","modified_gmt":"2020-11-06T09:23:08","slug":"pantanaccio-cristiano-lui-scrive-a-valletta-parla-di-noi-senza-sapere-io-qui-non-lho-mai-visto","status":"publish","type":"post","link":"https:\/\/www.radioluna.it\/news\/2020\/11\/pantanaccio-cristiano-lui-scrive-a-valletta-parla-di-noi-senza-sapere-io-qui-non-lho-mai-visto\/","title":{"rendered":"Pantanaccio, Cristiano Lui scrive a Valletta: &#8220;Parla di noi senza sapere. Io qui non l&#8217;ho mai visto&#8221;"},"content":{"rendered":"<div id=\"fb-root\"><\/div>\n<p style=\"text-align: justify;\"><strong>LATINA &#8211;<\/strong> Riceviamo e pubblichiamo, perch\u00e9 utile alla comprensione di alcuni fatti cittadini, la lettera aperta che il presidente dell&#8217;Associazione Pantanaccio, una delle pi\u00f9 attive nella gestione condivisa dei beni comuni a Latina, ha deciso di scrivere al consigliere comunale Vincenzo Valletta sulle attivit\u00e0 che si stanno svolgendo nel quartiere. L&#8217;esigenza nasce dopo i\u00a0 numerosi interventi che l&#8217;esponente della Lega ha fatto sul quartiere.\u00a0 Cristiano Lui ripercorre e racconta una storia di cittadinanza attiva che ha coinvolto fino ad oggi\u00a0 53 famiglie, tutte radicate nella zona e si toglie qualche sassolino: &#8220;Mia nonna\u00a0 &#8211; scrive &#8211; ha scavato a mano le fondamenta della nostra casa, una delle prime di questo quartiere. Io qui ci sono nato e cresciuto e lei non l\u2019ho mai vista&#8221;.<\/p>\n<p><strong>LA LETTERA &#8211;\u00a0<\/strong><\/p>\n<p>Gentile Consigliere Valletta,<\/p>\n<p>la ringrazio per l\u2019interessamento nei confronti del nostro quartiere.<\/p>\n<p>Da diverso tempo la leggiamo sulla stampa locale dove lei afferma di essere interpellato da abitanti del quartiere, per contro, scrive notizie che contengono imprecisioni macroscopiche. Mi domando come sia possibile.<\/p>\n<p style=\"text-align: justify;\">Mi preme chiarirle che il nostro rapporto con l\u2019amministrazione comunale inizia nel 2017, quando con una serie di abitanti del quartiere abbiamo deciso di costituire un\u2019associazione di quartiere aperta a tutti. Le precisiamo questo perch\u00e9 \u00e8 evidente da ci\u00f2 che scrive che non conoscere n\u00e9 i numeri della nostra associazione, n\u00e9 la storia.\u00a0Infatti l\u2019associazione rappresenta\u00a0 per ora 53 famiglie del quartiere ed \u00e8 in forte espansione, infatti i numeri aumentano mensilmente.<\/p>\n<p style=\"text-align: justify;\">La mia casa \u00e8 stata la prima ad essere costruita dopo i poderi e mio nonno \u00e8 stato uno dei muratori che hanno lavorato per la costruzione di Piazza Del Popolo, della Chiesa di San Marco, ecc.. Mentre mio nonno lavorava in \u201cCitt\u00e0\u201d, mia nonna scavava a mano le fondamenta di casa. Purtroppo \u00e8 venuta a mancare dieci anni fa, altrimenti le avrebbe potuto raccontare lei stessa. Le scrivo questo perch\u00e9 pi\u00f9 volte le ho sentito dire che lei \u201csarebbe cresciuto nel quartiere\u201d, io ci sono nato e cresciuto non l\u2019ho mai vista, il mio ricordo delle scuole superiori mi porta a lei, ma soltanto nei corridoi dell\u2019Istituto scolastico Salvemini.<\/p>\n<p style=\"text-align: justify;\">Consigliere Valletta, durante la chiusura dell\u2019asilo di via Pantanaccio scriveva che l\u2019amministrazione comunale non stava facendo nulla per la sua riapertura, mentre noi eravamo consapevoli che quello che l\u2019amministrazione stava facendo era evitare di iniziare un contenzioso con la ditta che aveva mal effettuato i lavori. In tal caso, conoscendo le lungaggini della giustizia Italiana, saremmo ancora con l\u2019asilo chiuso ma con i danni di 3 anni di pioggia.<\/p>\n<p style=\"text-align: justify;\">Per quanto riguarda il progetto \u201ci Pianeti\u201d, lei essendo stato presente alla riunione che abbiamo appoggiato il 17 luglio scorso al bar V&amp;B, ha potuto constatare che non eravamo proprio \u201cquattro gatti\u201d.<\/p>\n<p style=\"text-align: justify;\">Forse anche su questo \u00e8 poco informato, la aggiorno: vista la mole di opposizioni prodotte dalla nostra associazione e da altri abitanti della zona, la materia sar\u00e0 trattata in un consiglio comunale. E su questo abbiamo avuto \u2013 su loro richiesta \u2013\u00a0 il 3 Agosto 2020 un incontro in comune con il Sindaco, l\u2019Assessore Castaldo ed altri rappresentanti della maggioranza. Quindi non \u00e8 vero che l\u2019amministrazione non risponde alle richieste dei cittadini.<\/p>\n<p style=\"text-align: justify;\">Vogliamo\u00a0 precisare che non \u00e8 vero che LBC si sia accorta di noi in questo momento, vicino alle elezioni, come lei vorrebbe insinuare. Ci rapportiamo con l\u2019amministrazione dall\u2019inizio della nostra storia, e diversi sono stati gli interventi e gli incontri anche con il Sindaco stesso.<\/p>\n<p style=\"text-align: justify;\">L\u2019intervento sugli argini del canale delle acque medie \u00e8 stato oggetto di un nostro Esposto\u00a0 in Procura della Repubblica del luglio del 2018.<\/p>\n<p style=\"text-align: justify;\">Abbiamo partecipato pi\u00f9 volte con piacere all\u2019iniziativa \u201cPULIAMO IL MONDO\u201d, perch\u00e9 il nostro quartiere \u00e8 la nostra casa e ci piace vederlo pulito.<\/p>\n<p style=\"text-align: justify;\">La consigliera Isotton, ha sposato subito la nostra voglia di creare un AMBIENTE SANO intorno a noi, e ci siamo trovati da sempre all\u2019unisono con tutte le iniziative proposte da lei e da noi.<\/p>\n<p style=\"text-align: justify;\">Insieme abbiamo bonificato degli accampamenti abusivi, ed insieme siamo riusciti a far portare via montagne di calcinacci che venivamo scaricati all\u2019interno di un sito industriale dismesso. Le sue risposte sono concrete e veloci sempre.<\/p>\n<p style=\"text-align: justify;\">Dovremmo avere anche qualche copia del calendario che l\u2019Associazione ha stampato nel 2018, ci piacerebbe fargliene omaggio! Cos\u00ec da farle conoscere un po di storia della zona.<\/p>\n<p style=\"text-align: justify;\">Abbiamo raccolto foto e racconti della zona a partire dal 1928, una storia , che siamo fieri di raccontare, e di far conoscere.<\/p>\n<p style=\"text-align: justify;\">Il mio lavoro mi porta a viaggiare molto e a conoscere moltissime realt\u00e0 all\u2019estero, realt\u00e0 che vorrei condividere con i miei vicini di casa, con gli amici di sempre del mio quartiere e con loro realizzarle. Tra l\u2019altro le posso assicurare che all\u2019estero, e anche al Nord d\u2019Italia (che frequento settimanalmente), le associazioni come la nostra sono una realt\u00e0 consolidata.<\/p>\n<p style=\"text-align: justify;\">Ora se per lei \u00e8 poca cosa \u201cprendersi cura\u201d del proprio quartiere dando \u201cdue pennellate\u201d di vernice alle cose comuni, francamente \u00e8 affar suo! Tra l\u2019altro, abbiamo avuto la collaborazione, nella manutenzione del ponte di legno, anche dell\u2019associazione Alpini di Latina; non crediamo sia carino leggere quello che ha scritto anche per una forma di rispetto del loro operato.<\/p>\n<p>Ma la prego, prima di scrivere o far scrivere su di noi, si documenti e si informi.<\/p>\n<p>Il Presidente dell\u2019Associazione Quartiere Pantanaccio 2017-APS<\/p>\n<p>Cristiano Lui<\/p>\n","protected":false},"excerpt":{"rendered":"<p>LATINA &#8211; Riceviamo e pubblichiamo, perch\u00e9 utile alla comprensione di alcuni fatti cittadini, la lettera aperta che il presidente dell&#8217;Associazione Pantanaccio, una delle pi\u00f9 attive nella gestione condivisa dei beni comuni a Latina, ha deciso di scrivere al consigliere comunale Vincenzo Valletta sulle attivit\u00e0 che si stanno svolgendo nel quartiere. L&#8217;esigenza nasce dopo i\u00a0 numerosi [&hellip;]<\/p>\n","protected":false},"author":62,"featured_media":277996,"comment_status":"open","ping_status":"open","sticky":false,"template":"","format":"standard","meta":{"footnotes":""},"categories":[735],"tags":[],"class_list":["post-277995","post","type-post","status-publish","format-standard","has-post-thumbnail","hentry","category-attualita"],"_links":{"self":[{"href":"https:\/\/www.radioluna.it\/news\/wp-json\/wp\/v2\/posts\/277995","targetHints":{"allow":["GET"]}}],"collection":[{"href":"https:\/\/www.radioluna.it\/news\/wp-json\/wp\/v2\/posts"}],"about":[{"href":"https:\/\/www.radioluna.it\/news\/wp-json\/wp\/v2\/types\/post"}],"author":[{"embeddable":true,"href":"https:\/\/www.radioluna.it\/news\/wp-json\/wp\/v2\/users\/62"}],"replies":[{"embeddable":true,"href":"https:\/\/www.radioluna.it\/news\/wp-json\/wp\/v2\/comments?post=277995"}],"version-history":[{"count":0,"href":"https:\/\/www.radioluna.it\/news\/wp-json\/wp\/v2\/posts\/277995\/revisions"}],"wp:featuredmedia":[{"embeddable":true,"href":"https:\/\/www.radioluna.it\/news\/wp-json\/wp\/v2\/media\/277996"}],"wp:attachment":[{"href":"https:\/\/www.radioluna.it\/news\/wp-json\/wp\/v2\/media?parent=277995"}],"wp:term":[{"taxonomy":"category","embeddable":true,"href":"https:\/\/www.radioluna.it\/news\/wp-json\/wp\/v2\/categories?post=277995"},{"taxonomy":"post_tag","embeddable":true,"href":"https:\/\/www.radioluna.it\/news\/wp-json\/wp\/v2\/tags?post=277995"}],"curies":[{"name":"wp","href":"https:\/\/api.w.org\/{rel}","templated":true}]}}