{"id":278139,"date":"2020-11-07T09:03:02","date_gmt":"2020-11-07T08:03:02","guid":{"rendered":"https:\/\/www.radioluna.it\/news\/?p=278139"},"modified":"2020-11-11T10:30:38","modified_gmt":"2020-11-11T09:30:38","slug":"la-benacquista-assicurazione-basket-latina-torna-in-campo","status":"publish","type":"post","link":"https:\/\/www.radioluna.it\/news\/2020\/11\/la-benacquista-assicurazione-basket-latina-torna-in-campo\/","title":{"rendered":"La Benacquista assicurazione Basket Latina torna in campo"},"content":{"rendered":"<div id=\"fb-root\"><\/div>\n<p style=\"text-align: justify;\"><strong>LATINA &#8211;<\/strong> Per la Benacquista Assicurazioni Latina Basket \u00e8 tempo di tornare a giocare. L\u2019appuntamento \u00e8 fissato per domenica 8 novembre alle ore 18:30 sul parquet del PalaBarbuto, dove i nerazzurri sfideranno i padroni di casa della Gevi Napoli Basket, in occasione della terza e ultima gara della fase di qualificazione della Supercoppa di A2. La partita, cos\u00ec come tutte le gare della stagione, potr\u00e0 essere seguita in diretta streaming sul canale LNP PASS (servizio in abbonamento \u20ac 39,90 tutte le info su https:\/\/lnppass.legapallacanestro.com\/).<\/p>\n<p style=\"text-align: justify;\">Per via dei posticipi legati al Covid-19,\u00a0Napoli\u00a0ha disputato le\u00a0prime due partite di Supercoppa nel corso della settimana corrente, conquistando prima il successo casalingo con San Severo e arrendendosi poi sul campo di Scafati.\u00a0L\u2019esito di questi due incontri, indipendentemente dal risultato di domenica con i nerazzurri,\u00a0ha tolto alla Gevi la possibilit\u00e0 di accedere alla Final Eight\u00a0in programma a Cento dal 13 al 15 novembre. Diverso il discorso per la\u00a0Benacquista\u00a0che,\u00a0in caso di vittoria al PalaBarbuto\u00a0e in virt\u00f9 degli altri risultati,\u00a0sarebbe qualificata\u00a0per la finale.<\/p>\n<p>Nel competitivo roster della compagine partenopea, ricco di atleti esperti non soltanto della seconda categoria nazionale, ma anche della massima serie, spicca un volto noto nell\u2019ambiente nerazzurro:\u00a0Lorenzo Uglietti, che ha trascorso in maglia Latina Basket ben 4 stagioni, l\u2019ultima delle quali in qualit\u00e0 di Capitano.<\/p>\n<p>Alla vigilia della gara abbiamo scambiato quattro chiacchiere con\u00a0Brandon Gilbeck, autore di una buona prestazione in occasione della gara di sabato scorso con \u00a0San Severo, non soltanto relativamente al prossimo impegno cestistico, ma anche per sapere come si trova nel nostro Paese, considerato che \u00e8 alla sua prima esperienza in Italia:\u00a0\u00abMi trovo molto bene in Italia, mi piace la gente, sono\u00a0tutti molto amichevoli\u00a0\u2013 conferma il gigante di 213 cm con un gran sorriso \u2013\u00a0 Alcune persone dicono che la citt\u00e0 di\u00a0Latina\u00a0\u00e8 piccola, ma io credo sia grande, rispetto a come sono abituato,\u00a0per me \u00e8 la combinazione perfetta, anche se devo ammettere che\u00a0c\u2019\u00e8 una cosa alla quale faccio fatica ad abituarmi: il traffico e il modo in cui la gente guida, \u00e8 molto differente rispetto al posto in cui ho sempre vissuto. L\u2019Italia \u00e8 famosa nel mondo per il cibo e io adoro la pasta e la pizza, mentre non mi piace il cibo di mare\u00bb.<\/p>\n<p>Brandon\u00a0viene da Spring Green, un villaggio\u00a0degli Stati Uniti d\u2019America situato nel Wisconsin, nella contea di Sauk, localit\u00e0 decisamente diversa da Latina:\u00a0\u00abMi piace molto il clima qui, \u00e8 opposto rispetto a dove vivo in America, l\u00ec nevica sempre; qui vado ancora in giro in pantaloncini e maglietta\u00bb. Il numero 34 nerazzurro si \u00e8 ben ambientato anche all\u2019interno del gruppo:\u00a0\u00abHo legato con tutti\u00a0i compagni di squadra, ma\u00a0in particolare con Jaren, perch\u00e9 \u00e8 americano; credo che la nostra sia\u00a0una bella squadra, siamo molto affiatati.\u00a0Ho anche una buona affinit\u00e0 con Passera, lui \u00e8 uno dei leader, essendo il playmaker, e\u00a0fa sempre dei passaggi fantastici\u00bb.<br \/>\nGilbeck nella passata stagione ha militato in\u00a0Danimarca, dove ha vestito la maglia della Horsens I.C.:\u00a0\u00abQui in Italia tutti sembrano essere pi\u00f9 grandi e forti, e vedono la partita in maniera pi\u00f9 veloce. In Danimarca c\u2019erano delle squadre molto valide, ma credo che qui siano migliori, la velocit\u00e0 della partita \u00e8 molto pi\u00f9 alta, per questo anche\u00a0domenica a Napoli mi aspetto una partita molto veloce, dura, e competitiva\u00a0\u2013 conferma Brandon \u2013\u00a0\u00c8 ancora la preseason, quindi vogliamo lavorare per migliorare come squadra, e\u00a0progredire rispetto alla scorsa partita, dove abbiamo commesso diversi errori\u00bb.<\/p>\n","protected":false},"excerpt":{"rendered":"<p>LATINA &#8211; Per la Benacquista Assicurazioni Latina Basket \u00e8 tempo di tornare a giocare. L\u2019appuntamento \u00e8 fissato per domenica 8 novembre alle ore 18:30 sul parquet del PalaBarbuto, dove i nerazzurri sfideranno i padroni di casa della Gevi Napoli Basket, in occasione della terza e ultima gara della fase di qualificazione della Supercoppa di A2. [&hellip;]<\/p>\n","protected":false},"author":5430,"featured_media":0,"comment_status":"open","ping_status":"open","sticky":false,"template":"","format":"standard","meta":{"footnotes":""},"categories":[17],"tags":[],"class_list":["post-278139","post","type-post","status-publish","format-standard","hentry","category-sport"],"_links":{"self":[{"href":"https:\/\/www.radioluna.it\/news\/wp-json\/wp\/v2\/posts\/278139","targetHints":{"allow":["GET"]}}],"collection":[{"href":"https:\/\/www.radioluna.it\/news\/wp-json\/wp\/v2\/posts"}],"about":[{"href":"https:\/\/www.radioluna.it\/news\/wp-json\/wp\/v2\/types\/post"}],"author":[{"embeddable":true,"href":"https:\/\/www.radioluna.it\/news\/wp-json\/wp\/v2\/users\/5430"}],"replies":[{"embeddable":true,"href":"https:\/\/www.radioluna.it\/news\/wp-json\/wp\/v2\/comments?post=278139"}],"version-history":[{"count":0,"href":"https:\/\/www.radioluna.it\/news\/wp-json\/wp\/v2\/posts\/278139\/revisions"}],"wp:attachment":[{"href":"https:\/\/www.radioluna.it\/news\/wp-json\/wp\/v2\/media?parent=278139"}],"wp:term":[{"taxonomy":"category","embeddable":true,"href":"https:\/\/www.radioluna.it\/news\/wp-json\/wp\/v2\/categories?post=278139"},{"taxonomy":"post_tag","embeddable":true,"href":"https:\/\/www.radioluna.it\/news\/wp-json\/wp\/v2\/tags?post=278139"}],"curies":[{"name":"wp","href":"https:\/\/api.w.org\/{rel}","templated":true}]}}