{"id":278158,"date":"2020-11-08T10:06:40","date_gmt":"2020-11-08T09:06:40","guid":{"rendered":"https:\/\/www.radioluna.it\/news\/?p=278158"},"modified":"2020-11-08T10:06:40","modified_gmt":"2020-11-08T09:06:40","slug":"francesco-giri-si-dimette-da-segretario-di-latina-bene-comune-decisione-ponderata-e-sofferta","status":"publish","type":"post","link":"https:\/\/www.radioluna.it\/news\/2020\/11\/francesco-giri-si-dimette-da-segretario-di-latina-bene-comune-decisione-ponderata-e-sofferta\/","title":{"rendered":"Francesco Giri si dimette da segretario di Latina Bene Comune: &#8220;Decisione ponderata e sofferta&#8221;"},"content":{"rendered":"<div id=\"fb-root\"><\/div>\n<p><strong>LATINA &#8211;<\/strong> &#8220;Oggi, a quasi due anni di distanza, ho ufficialmente fatto un passo indietro dalla carica di Segretario di Latina Bene Comune. \u00c8 stata una decisione che ho ponderato e sofferto a lungo. Questi ultimi sono stati mesi difficili sul piano personale e lavorativo, come per tutti del resto, a cui si aggiunge la possibilit\u00e0 di un trasferimento fuori citt\u00e0&#8221;. Francesco Giri lascia cos\u00ec l\u2019incarico di segretario del Movimento civico che ha vinto le ultime amministrative a Latina.<\/p>\n<p style=\"text-align: justify;\">\u201cFaccio un passo indietro per senso di responsabilit\u00e0 \u2013 ha detto \u2013 Con l\u2019emergenza sanitaria in corso, la mia attivit\u00e0 lavorativa si \u00e8 dilatata nei tempi e, per esigenze della mia vita privata, probabilmente mi trasferir\u00f2 a Roma. Queste due condizioni sono incompatibili con la campagna elettorale alle porte e sarebbe ingiusto far mancare la mia piena disponibilit\u00e0 a Damiano Coletta e al movimento in questo importante momento. Ringrazio il sindaco per aver compreso questa necessit\u00e0 e ci tengo a sottolineare che resta il mio sostegno alla candidatura di Coletta, nonch\u00e9 il mio impegno sia come consigliere comunale che come attivista del movimento. Nel bilancio di questi due anni trascorsi come segretario \u2013 conclude \u2013 metto sicuramente tante cose da migliorare, ma anche la bont\u00e0 di un percorso di contatto con le realt\u00e0 locali e con i cittadini di Latina che ci ha permesso di cogliere tante sfaccettature e che spero sia sostenuta anche in futuro\u201d.<\/p>\n<p style=\"text-align: justify;\">\u201cUn passaggio di consegne che LBC ha organizzato e gestito con grande impegno insieme al segretario uscente, perch\u00e9 venisse garantita continuit\u00e0 politica nel sostenere la linea del campo largo a sostegno della candidatura di Damiano Coletta Sindaco. Una linea di cui Giri \u00e8 stato tra i pi\u00f9 grandi fautori e che il movimento intende confermare\u201d \u2013 sottolinea Gabriella Monteforte, coordinatrice del movimento.<\/p>\n<p style=\"text-align: justify;\">A Francesco Giri \u00e8 andato il ringraziamento del movimento &#8220;per l\u2019impegno di questi due anni e l\u2019apprezzamento per la responsabilit\u00e0 di azione. Una personalit\u00e0 di spessore, che molto ha dato sin dai primi giorni in Consiglio e di mandato come segretario&#8221;.<\/p>\n<p style=\"text-align: justify;\">E Latina Bene Comune dovr\u00e0 eleggere un nuovo segretario: &#8220;La consultazione interna\u00a0 &#8211; spiegano dal Movimento\u00a0 &#8211; sar\u00e0 un ulteriore passo, dopo la ricandidatura del sindaco, nel solco del percorso delineato per arrivare pronti e forti alle amministrative del 2021&#8221;.<\/p>\n","protected":false},"excerpt":{"rendered":"<p>LATINA &#8211; &#8220;Oggi, a quasi due anni di distanza, ho ufficialmente fatto un passo indietro dalla carica di Segretario di Latina Bene Comune. \u00c8 stata una decisione che ho ponderato e sofferto a lungo. Questi ultimi sono stati mesi difficili sul piano personale e lavorativo, come per tutti del resto, a cui si aggiunge la [&hellip;]<\/p>\n","protected":false},"author":62,"featured_media":235259,"comment_status":"open","ping_status":"open","sticky":false,"template":"","format":"standard","meta":{"footnotes":""},"categories":[8],"tags":[],"class_list":["post-278158","post","type-post","status-publish","format-standard","has-post-thumbnail","hentry","category-politica"],"_links":{"self":[{"href":"https:\/\/www.radioluna.it\/news\/wp-json\/wp\/v2\/posts\/278158","targetHints":{"allow":["GET"]}}],"collection":[{"href":"https:\/\/www.radioluna.it\/news\/wp-json\/wp\/v2\/posts"}],"about":[{"href":"https:\/\/www.radioluna.it\/news\/wp-json\/wp\/v2\/types\/post"}],"author":[{"embeddable":true,"href":"https:\/\/www.radioluna.it\/news\/wp-json\/wp\/v2\/users\/62"}],"replies":[{"embeddable":true,"href":"https:\/\/www.radioluna.it\/news\/wp-json\/wp\/v2\/comments?post=278158"}],"version-history":[{"count":0,"href":"https:\/\/www.radioluna.it\/news\/wp-json\/wp\/v2\/posts\/278158\/revisions"}],"wp:featuredmedia":[{"embeddable":true,"href":"https:\/\/www.radioluna.it\/news\/wp-json\/wp\/v2\/media\/235259"}],"wp:attachment":[{"href":"https:\/\/www.radioluna.it\/news\/wp-json\/wp\/v2\/media?parent=278158"}],"wp:term":[{"taxonomy":"category","embeddable":true,"href":"https:\/\/www.radioluna.it\/news\/wp-json\/wp\/v2\/categories?post=278158"},{"taxonomy":"post_tag","embeddable":true,"href":"https:\/\/www.radioluna.it\/news\/wp-json\/wp\/v2\/tags?post=278158"}],"curies":[{"name":"wp","href":"https:\/\/api.w.org\/{rel}","templated":true}]}}