{"id":278167,"date":"2020-11-08T18:22:43","date_gmt":"2020-11-08T17:22:43","guid":{"rendered":"https:\/\/www.radioluna.it\/news\/?p=278167"},"modified":"2020-11-09T12:34:08","modified_gmt":"2020-11-09T11:34:08","slug":"covid-19-altri-tre-decessi-e-231-nuovi-casi-il-contagio-a-latina-non-si-ferma","status":"publish","type":"post","link":"https:\/\/www.radioluna.it\/news\/2020\/11\/covid-19-altri-tre-decessi-e-231-nuovi-casi-il-contagio-a-latina-non-si-ferma\/","title":{"rendered":"Covid-19, altri tre decessi e 231 nuovi casi: il contagio a Latina non si ferma"},"content":{"rendered":"<div id=\"fb-root\"><\/div>\n<p style=\"text-align: justify;\"><strong>LATINA\u00a0<\/strong> &#8211; Se continua cos\u00ec, Latina rischia davvero di subire restrizioni pi\u00f9 pesanti. Con altri tre decessi,\u00a0 231 nuovi contagi registrati nelle ultime ore, una situazione ospedaliera di fortissima pressione, a causa delle forme gravi e i posti letto di nuovo esauriti a causa dell&#8217;aumento esponenziale dei casi, la strada \u00e8 ancora in salita, a differenza del Lazio nel suo complesso dove &#8220;siamo in una situazione di plateau anche se notiamo delle lievi flessioni nella curva, ma non bisogna abbassare la guardia&#8221;, dice l&#8217;assessore D&#8217;Amato.<\/p>\n<p style=\"text-align: justify;\"><strong>TRE GIORNI DI FUOCO<\/strong> &#8211; Sono\u00a0 826 i positivi emersi in soli tre giorni, di cui 235 solo a Latina, con l&#8217;indice di prevalenza schizzato quasi a 90 casi ogni 10mila abitanti. Del resto \u00e8 da molto tempo che le autorit\u00e0 sanitarie segnalano una situazione di pericolo per la sostenibilit\u00e0 del sistema.<\/p>\n<p style=\"text-align: justify;\"><strong>RT &#8211;<\/strong> La Regione continua a comunicare\u00a0 l&#8217;indice Rt, l&#8217;indice di replicazione del virus &#8211; che viene calcolato sui soli casi sintomatici\u00a0 &#8211; per l&#8217;intero territorio regionale e che\u00a0 oggi \u00e8\u00a0 1,3, ma non riferisce l&#8217;analitico delle singole province, dato da cui certamente dipenderanno le decisioni future. E&#8217; evidente infatti che se questo numeretto, in provincia di Latina, avesse superato l&#8217;1,5,\u00a0 saremmo gi\u00e0 nelle stesse condizioni di aree del Paese\u00a0 con restrizioni pi\u00f9 nette.<\/p>\n<p style=\"text-align: justify;\">COMUNE PER COMUNE &#8211; Guardando ai contagi Comune per Comune, abbiamo: Aprilia (48), Cisterna di Latina (7),\u00a0 Cori (2),\u00a0 Fondi (23),\u00a0 Formia (5), Gaeta (7),\u00a0 Itri (4), Latina (71),\u00a0 Lenola (1), Minturno (6), Monte San Biagio (2),\u00a0 Pontinia (2),\u00a0 Priverno (4), Roccasecca dei Volsci (1),\u00a0 Sabaudia (6),\u00a0 San Felice Circeo (3), Santi Cosma e Damiano (6), Sermoneta (3),\u00a0 Sezze (10),\u00a0 Sonnino (3),\u00a0 Spigno Saturnia (3),\u00a0 Terracina (13) e\u00a0 Ventotene (1).<br \/>\nI decessi riguardano\u00a0 tre pazienti, di cui uno residente nel Comune di Cori, uno residente fuori provincia, ma domiciliato nel Comune di Priverno e uno residente in provincia di Roma, rispettivamente\u00a0 di 74, 79 e 89 anni con patologie, per un totale di 73 dall&#8217;inizio della pademia.<br \/>\nQuanto ai dati complessivi\u00a0 sono 5083 i casi totali da marzo ad oggi, i positivi attivi sono 3825 ovvero il 75% dei casi.<\/p>\n<p style=\"text-align: justify;\">Resta elevato il numero dei tamponi eseguiti, da oggi anche presso l&#8217; ulteriore postazione per\u00a0 tamponi antigenici (rapidi), con percorso pedonale walk-in presso l&#8217; ICOT,\u00a0 attivo dalle ore 14:00 alle ore 19:00 dal luned\u00ec al venerd\u00ec e dalle ore 8:00 alle ore 13:00 la domenica.<\/p>\n","protected":false},"excerpt":{"rendered":"<p>LATINA\u00a0 &#8211; Se continua cos\u00ec, Latina rischia davvero di subire restrizioni pi\u00f9 pesanti. Con altri tre decessi,\u00a0 231 nuovi contagi registrati nelle ultime ore, una situazione ospedaliera di fortissima pressione, a causa delle forme gravi e i posti letto di nuovo esauriti a causa dell&#8217;aumento esponenziale dei casi, la strada \u00e8 ancora in salita, a [&hellip;]<\/p>\n","protected":false},"author":62,"featured_media":278168,"comment_status":"open","ping_status":"open","sticky":false,"template":"","format":"standard","meta":{"footnotes":""},"categories":[2616],"tags":[],"class_list":["post-278167","post","type-post","status-publish","format-standard","has-post-thumbnail","hentry","category-sanita"],"_links":{"self":[{"href":"https:\/\/www.radioluna.it\/news\/wp-json\/wp\/v2\/posts\/278167","targetHints":{"allow":["GET"]}}],"collection":[{"href":"https:\/\/www.radioluna.it\/news\/wp-json\/wp\/v2\/posts"}],"about":[{"href":"https:\/\/www.radioluna.it\/news\/wp-json\/wp\/v2\/types\/post"}],"author":[{"embeddable":true,"href":"https:\/\/www.radioluna.it\/news\/wp-json\/wp\/v2\/users\/62"}],"replies":[{"embeddable":true,"href":"https:\/\/www.radioluna.it\/news\/wp-json\/wp\/v2\/comments?post=278167"}],"version-history":[{"count":0,"href":"https:\/\/www.radioluna.it\/news\/wp-json\/wp\/v2\/posts\/278167\/revisions"}],"wp:featuredmedia":[{"embeddable":true,"href":"https:\/\/www.radioluna.it\/news\/wp-json\/wp\/v2\/media\/278168"}],"wp:attachment":[{"href":"https:\/\/www.radioluna.it\/news\/wp-json\/wp\/v2\/media?parent=278167"}],"wp:term":[{"taxonomy":"category","embeddable":true,"href":"https:\/\/www.radioluna.it\/news\/wp-json\/wp\/v2\/categories?post=278167"},{"taxonomy":"post_tag","embeddable":true,"href":"https:\/\/www.radioluna.it\/news\/wp-json\/wp\/v2\/tags?post=278167"}],"curies":[{"name":"wp","href":"https:\/\/api.w.org\/{rel}","templated":true}]}}