{"id":278280,"date":"2020-11-10T16:15:22","date_gmt":"2020-11-10T15:15:22","guid":{"rendered":"https:\/\/www.radioluna.it\/news\/?p=278280"},"modified":"2020-11-10T20:41:14","modified_gmt":"2020-11-10T19:41:14","slug":"aiuti-alle-imprese-valletta-invoca-una-norma-del-piemonte-lepori-inapplicabile-a-latina-se-me-lo-avesse-chiesto-glielo-avrei-spiegato","status":"publish","type":"post","link":"https:\/\/www.radioluna.it\/news\/2020\/11\/aiuti-alle-imprese-valletta-invoca-una-norma-del-piemonte-lepori-inapplicabile-a-latina-se-me-lo-avesse-chiesto-glielo-avrei-spiegato\/","title":{"rendered":"Aiuti alle imprese, Valletta invoca una norma del Piemonte. Lepori: &#8220;Inapplicabile a Latina, se me lo avesse chiesto glielo avrei spiegato&#8221;"},"content":{"rendered":"<div id=\"fb-root\"><\/div>\n<p style=\"text-align: justify;\"><strong>LATINA<\/strong> &#8211; Il consigliere comunale di Latina della Lega Vincenzo Valletta \u00e8 infastidito dal fatto che l&#8217;Amministrazione comunale di Latina prosegua i lavori nei parchi pubblici gi\u00e0 programmati aprendo l&#8217;area per lo sgambamento dei cani in Parco San Marco, assegnando la gestione di Parco Faustinella e dotando di giochi Piazza Ilaria Alpi: lo trova inopportuno in un momento cos\u00ec difficile. E sprona la maggioranza a fare di pi\u00f9 invece per le imprese, invocando l&#8217;esempio del comune piemontese di Novi Ligure, che\u00a0 &#8211; spiega\u00a0 in una nota &#8211;\u00a0 &#8220;ha emanato un bando\u00a0 per la concessione di contributi a fondo perduto finalizzati a sostenere le piccole e medie imprese del settore della somministrazione, del commercio e dei servizi, compreso l\u2019artigianato. Si tratta di 55 mila euro&#8230;. &#8220;.<\/p>\n<p style=\"text-align: justify;\">Risponde l&#8217;assessora alle attivit\u00e0 produttive Simona Lepori : \u00abIl nostro impegno \u00e8 massimo per sostenere le imprese,<br \/>\nma l\u2019esempio di Novi Ligure \u00e8 inapplicabile a Latina. Se me lo avesse chiesto invece di comunicare a mezzo stampa, avrei preferito interloquire con lui e avrei spiegato volentieri al Consigliere Valletta che per fare quel bando serve una norma che la Regione Lazio non ha, come era gi\u00e0 emerso durante il lockdown della scorsa primavera, anche sul tavolo Latina per Latina\u00bb<\/p>\n<p style=\"text-align: justify;\">Lepori spiega anche di comprendere &#8220;in primissima persona (come imprenditrice, appunto, Ndr) difficolt\u00e0 e dubbi, incertezze e paure&#8221; e aggiunge: &#8220;Siamo anche pronti ad accogliere, su questo come sul resto della nostra attivit\u00e0 amministrativa, suggerimenti da parte di tutti, in primis dai Consiglieri di opposizione che partecipano con noi all\u2019Amministrazione della citt\u00e0. Dispiace leggere che il Consigliere Valletta metta insieme la giusta volont\u00e0 di aiutare le imprese, con gli attacchi infondati ad altre operativit\u00e0 di questo Comune. Siamo in una fase difficile, da un punto di vista sanitario e socio-economico, e l\u2019Amministrazione ha gi\u00e0 dato ampia dimostrazione di voler pensare a Latina con l\u2019aiuto di tutti. Non \u00e8 ancora il momento di pensare alla campagna elettorale, \u00e8 possibile risolvere i problemi dei cittadini parlandone nelle sedi opportune e prendendo provvedimenti concreti&#8221;.<\/p>\n<p>&nbsp;<\/p>\n","protected":false},"excerpt":{"rendered":"<p>LATINA &#8211; Il consigliere comunale di Latina della Lega Vincenzo Valletta \u00e8 infastidito dal fatto che l&#8217;Amministrazione comunale di Latina prosegua i lavori nei parchi pubblici gi\u00e0 programmati aprendo l&#8217;area per lo sgambamento dei cani in Parco San Marco, assegnando la gestione di Parco Faustinella e dotando di giochi Piazza Ilaria Alpi: lo trova inopportuno [&hellip;]<\/p>\n","protected":false},"author":62,"featured_media":278281,"comment_status":"open","ping_status":"open","sticky":false,"template":"","format":"standard","meta":{"footnotes":""},"categories":[8],"tags":[],"class_list":["post-278280","post","type-post","status-publish","format-standard","has-post-thumbnail","hentry","category-politica"],"_links":{"self":[{"href":"https:\/\/www.radioluna.it\/news\/wp-json\/wp\/v2\/posts\/278280","targetHints":{"allow":["GET"]}}],"collection":[{"href":"https:\/\/www.radioluna.it\/news\/wp-json\/wp\/v2\/posts"}],"about":[{"href":"https:\/\/www.radioluna.it\/news\/wp-json\/wp\/v2\/types\/post"}],"author":[{"embeddable":true,"href":"https:\/\/www.radioluna.it\/news\/wp-json\/wp\/v2\/users\/62"}],"replies":[{"embeddable":true,"href":"https:\/\/www.radioluna.it\/news\/wp-json\/wp\/v2\/comments?post=278280"}],"version-history":[{"count":0,"href":"https:\/\/www.radioluna.it\/news\/wp-json\/wp\/v2\/posts\/278280\/revisions"}],"wp:featuredmedia":[{"embeddable":true,"href":"https:\/\/www.radioluna.it\/news\/wp-json\/wp\/v2\/media\/278281"}],"wp:attachment":[{"href":"https:\/\/www.radioluna.it\/news\/wp-json\/wp\/v2\/media?parent=278280"}],"wp:term":[{"taxonomy":"category","embeddable":true,"href":"https:\/\/www.radioluna.it\/news\/wp-json\/wp\/v2\/categories?post=278280"},{"taxonomy":"post_tag","embeddable":true,"href":"https:\/\/www.radioluna.it\/news\/wp-json\/wp\/v2\/tags?post=278280"}],"curies":[{"name":"wp","href":"https:\/\/api.w.org\/{rel}","templated":true}]}}