{"id":278511,"date":"2020-11-15T18:20:31","date_gmt":"2020-11-15T17:20:31","guid":{"rendered":"https:\/\/www.radioluna.it\/news\/?p=278511"},"modified":"2020-11-15T20:35:24","modified_gmt":"2020-11-15T19:35:24","slug":"covid-19-altri-4-decessi-e-228-nuovi-contagi-64-a-latina","status":"publish","type":"post","link":"https:\/\/www.radioluna.it\/news\/2020\/11\/covid-19-altri-4-decessi-e-228-nuovi-contagi-64-a-latina\/","title":{"rendered":"Covid-19, altri 4 decessi e 228 nuovi contagi, 64 a Latina"},"content":{"rendered":"<div id=\"fb-root\"><\/div>\n<p style=\"text-align: justify;\"><strong>LATINA &#8211;<\/strong> E&#8217; il secondo peggior dato del periodo quello ufficializzato oggi dalla Asl di Latina: altri quattro decessi e 228 nuovi casi positivi, con Latina che ne registra 64. Gli altri sono distribuiti nei Comuni di Aprilia (31), di Castelforte (9), di Cisterna di Latina (8), di Cori (4), di Fondi (17), di Formia (6), di Gaeta (11), di Itri (3),\u00a0 Lenola (5), di Maenza(1), di Minturno (12), di Monte S. Biagio (3), di Pontinia (9), di Priverno (3), di Prossedi(2), di Roccagorga (1), di Sabaudia (6), di Sermoneta (2), di Sezze (4), di Sonnino (2), di Sperlonga (1), di Spigno Saturnia (2) e di Terracina (22) .<br \/>\nI pazienti <strong>deceduti<\/strong> sono due di<strong> Terracina<\/strong>, uno di <strong>Sabaudia<\/strong> e uno di <strong>Lenola<\/strong> che portano a 99 il totale dei residenti in provincia di Latina morti di coronavirus dall&#8217;inizio della pandemia.<\/p>\n<p style=\"text-align: justify;\">I casi totali sono ora 6235 (con indice di prevalenza a 108,39);\u00a0 1375 i guariti, 4761 gli attualmente positivi di cui\u00a0 4581 in isolamento domiciliare e il resto ricoverati.<\/p>\n<p style=\"text-align: justify;\">Aumentano nel Lazio dell&#8217;1% i ricoveri in terapia intensiva e nelle quattro province sono stati 14 i decessi nelle ultime 24 ore. Complessivamente la Regione segnala per\u00f2 un miglioramento della situazione: &#8220;Calano i casi e i decessi a Roma e in regione, la corsa del virus inizia a rallentare, le misure adottate sembrano produrre gli effetti auspicati e dobbiamo continuare cos\u00ec&#8221;, \u00e8 l&#8217;analisi dell&#8217;Unit\u00e0 di Crisi.<\/p>\n","protected":false},"excerpt":{"rendered":"<p>LATINA &#8211; E&#8217; il secondo peggior dato del periodo quello ufficializzato oggi dalla Asl di Latina: altri quattro decessi e 228 nuovi casi positivi, con Latina che ne registra 64. Gli altri sono distribuiti nei Comuni di Aprilia (31), di Castelforte (9), di Cisterna di Latina (8), di Cori (4), di Fondi (17), di Formia [&hellip;]<\/p>\n","protected":false},"author":62,"featured_media":278153,"comment_status":"open","ping_status":"open","sticky":false,"template":"","format":"standard","meta":{"footnotes":""},"categories":[7,2616],"tags":[],"class_list":["post-278511","post","type-post","status-publish","format-standard","has-post-thumbnail","hentry","category-cronaca","category-sanita"],"_links":{"self":[{"href":"https:\/\/www.radioluna.it\/news\/wp-json\/wp\/v2\/posts\/278511","targetHints":{"allow":["GET"]}}],"collection":[{"href":"https:\/\/www.radioluna.it\/news\/wp-json\/wp\/v2\/posts"}],"about":[{"href":"https:\/\/www.radioluna.it\/news\/wp-json\/wp\/v2\/types\/post"}],"author":[{"embeddable":true,"href":"https:\/\/www.radioluna.it\/news\/wp-json\/wp\/v2\/users\/62"}],"replies":[{"embeddable":true,"href":"https:\/\/www.radioluna.it\/news\/wp-json\/wp\/v2\/comments?post=278511"}],"version-history":[{"count":0,"href":"https:\/\/www.radioluna.it\/news\/wp-json\/wp\/v2\/posts\/278511\/revisions"}],"wp:featuredmedia":[{"embeddable":true,"href":"https:\/\/www.radioluna.it\/news\/wp-json\/wp\/v2\/media\/278153"}],"wp:attachment":[{"href":"https:\/\/www.radioluna.it\/news\/wp-json\/wp\/v2\/media?parent=278511"}],"wp:term":[{"taxonomy":"category","embeddable":true,"href":"https:\/\/www.radioluna.it\/news\/wp-json\/wp\/v2\/categories?post=278511"},{"taxonomy":"post_tag","embeddable":true,"href":"https:\/\/www.radioluna.it\/news\/wp-json\/wp\/v2\/tags?post=278511"}],"curies":[{"name":"wp","href":"https:\/\/api.w.org\/{rel}","templated":true}]}}