{"id":278722,"date":"2020-11-18T16:40:50","date_gmt":"2020-11-18T15:40:50","guid":{"rendered":"https:\/\/www.radioluna.it\/news\/?p=278722"},"modified":"2020-11-18T16:40:50","modified_gmt":"2020-11-18T15:40:50","slug":"rigenerazione-urbana-e-recovery-pubblicato-il-decreto-interministeriale","status":"publish","type":"post","link":"https:\/\/www.radioluna.it\/news\/2020\/11\/rigenerazione-urbana-e-recovery-pubblicato-il-decreto-interministeriale\/","title":{"rendered":"Rigenerazione urbana e recovery, pubblicato il decreto interministeriale"},"content":{"rendered":"<div id=\"fb-root\"><\/div>\n<p style=\"text-align: justify;\">LAZIO &#8211; &#8220;E\u2019 stato pubblicato in Gazzetta ufficiale il decreto interministeriale per l&#8217;attuazione del \u201cProgramma innovativo nazionale per la qualit\u00e0 dell&#8217;abitare\u201d che mette a disposizione 853,81 milioni di euro, distribuiti tra il 2020 e il 2033 per la rigenerazione di tessuti e ambiti urbani particolarmente degradati e carenti di servizi&#8221;. Lo annuncia il consigliere comunale e regionale del PD Enrico Forte.\u00a0Con il Decreto si d\u00e0 avvio alla selezione dei progetti da ammettere al finanziamento. Si tratta di una occasione per i comuni capoluogo di provincia e per quelli con oltre 60mila abitanti chiamati a presentare, ciascuno, tre progetti che potranno essere finanziari per un massimo di 15 milioni.\u00a0I progetti puntano alla rigenerazione del tessuto socio-economico, al miglioramento della coesione comunitaria e all\u2019 arricchimento culturale implementando la qualit\u00e0 dei luoghi e la vita dei cittadini.<\/p>\n<p style=\"text-align: justify;\">Ribadisce Forte: &#8220;Una sfida cui Latina, come capoluogo, ha l\u2019obbligo di accettare. Ma lo stesso vale per citt\u00e0 dove il tessuto urbano periferico pu\u00f2 giovarsi di un intervento innovativo e duraturo, come ad esempio Aprilia, dove la criticit\u00e0 sono note e da anni cercano soluzioni. Anche in questo caso \u00e8 il momento di dare fondo a tutte le capacit\u00e0 di cui ogni Ente dispone, visto che ci sono solo 120 giorni per rispondere&#8221;.<\/p>\n<p style=\"text-align: justify;\">Sono ammesse a finanziamento proposte \u201cpilota\u201d, ad alto impatto strategico sul territorio nazionale, da cofinanziarsi anche con altre ulteriori risorse, ivi comprese quelle di cui al Recovery Fund, come da eventuali indicazioni europee e nazionali, in quanto orientati all\u2019attuazione del Green Deal e della Digital Agenda. Le proposte \u201cpilota\u201d possono essere cofinanziate fino a 100.000.000,00 di euro ciascuna, per le annualit\u00e0 dal 2021 al 2027\u201d.<\/p>\n<p style=\"text-align: justify;\">&#8220;Il Comune di Latina &#8211; conclude Forte &#8211; pu\u00f2 subito mettersi alla prova anche intercettando fondi europei. Ma occorrerebbe una svolta immediata con l\u2019istituzione di un assessorato ad hoc in grado di operare scelte strategiche, sin da ora, raccordandosi con gli altri assessorati coinvolti&#8221;.<\/p>\n<p>&nbsp;<\/p>\n<p>&nbsp;<\/p>\n","protected":false},"excerpt":{"rendered":"<p>LAZIO &#8211; &#8220;E\u2019 stato pubblicato in Gazzetta ufficiale il decreto interministeriale per l&#8217;attuazione del \u201cProgramma innovativo nazionale per la qualit\u00e0 dell&#8217;abitare\u201d che mette a disposizione 853,81 milioni di euro, distribuiti tra il 2020 e il 2033 per la rigenerazione di tessuti e ambiti urbani particolarmente degradati e carenti di servizi&#8221;. Lo annuncia il consigliere comunale [&hellip;]<\/p>\n","protected":false},"author":60,"featured_media":276404,"comment_status":"open","ping_status":"open","sticky":false,"template":"","format":"standard","meta":{"footnotes":""},"categories":[8],"tags":[],"class_list":["post-278722","post","type-post","status-publish","format-standard","has-post-thumbnail","hentry","category-politica"],"_links":{"self":[{"href":"https:\/\/www.radioluna.it\/news\/wp-json\/wp\/v2\/posts\/278722","targetHints":{"allow":["GET"]}}],"collection":[{"href":"https:\/\/www.radioluna.it\/news\/wp-json\/wp\/v2\/posts"}],"about":[{"href":"https:\/\/www.radioluna.it\/news\/wp-json\/wp\/v2\/types\/post"}],"author":[{"embeddable":true,"href":"https:\/\/www.radioluna.it\/news\/wp-json\/wp\/v2\/users\/60"}],"replies":[{"embeddable":true,"href":"https:\/\/www.radioluna.it\/news\/wp-json\/wp\/v2\/comments?post=278722"}],"version-history":[{"count":0,"href":"https:\/\/www.radioluna.it\/news\/wp-json\/wp\/v2\/posts\/278722\/revisions"}],"wp:featuredmedia":[{"embeddable":true,"href":"https:\/\/www.radioluna.it\/news\/wp-json\/wp\/v2\/media\/276404"}],"wp:attachment":[{"href":"https:\/\/www.radioluna.it\/news\/wp-json\/wp\/v2\/media?parent=278722"}],"wp:term":[{"taxonomy":"category","embeddable":true,"href":"https:\/\/www.radioluna.it\/news\/wp-json\/wp\/v2\/categories?post=278722"},{"taxonomy":"post_tag","embeddable":true,"href":"https:\/\/www.radioluna.it\/news\/wp-json\/wp\/v2\/tags?post=278722"}],"curies":[{"name":"wp","href":"https:\/\/api.w.org\/{rel}","templated":true}]}}