{"id":278759,"date":"2020-11-19T11:40:27","date_gmt":"2020-11-19T10:40:27","guid":{"rendered":"https:\/\/www.radioluna.it\/news\/?p=278759"},"modified":"2020-11-19T13:08:12","modified_gmt":"2020-11-19T12:08:12","slug":"elezioni-a-latina-centrodestra-unito-a-lavoro-su-programma-e-candidato","status":"publish","type":"post","link":"https:\/\/www.radioluna.it\/news\/2020\/11\/elezioni-a-latina-centrodestra-unito-a-lavoro-su-programma-e-candidato\/","title":{"rendered":"Elezioni a Latina, centrodestra unito a lavoro su programma e candidato"},"content":{"rendered":"<div id=\"fb-root\"><\/div>\n<p style=\"text-align: justify;\"><strong>LATINA &#8211;<\/strong> Si \u00e8 riunito nella giornata di oggi il tavolo del centrodestra per le elezioni amministrative di Latina. All&#8217;incontro erano presenti per la Lega l&#8217;on. Claudio Durigon, per Fratelli d\u2019Italia il coordinatore regionale on. Paolo Trancassini, per Forza Italia il coordinatore regionale sen. Claudio Fazzone.<\/p>\n<p style=\"text-align: justify;\">I presenti hanno convenuto che il centrodestra deve presentarsi unito alle imminenti elezioni comunali e pertanto hanno stabilito di lavorare sin da subito per arrivare ad un candidato e ad un programma condiviso, nel pi\u00f9 breve tempo possibile.<\/p>\n<p style=\"text-align: justify;\">Per quanto riguarda il profilo del candidato sindaco, \u00e8 stato concordato che il nome dovr\u00e0 essere scelto dal tavolo che si \u00e8 costituito oggi e che continuer\u00e0 a riunirsi periodicamente.<\/p>\n<p style=\"text-align: justify;\">La persona che sar\u00e0 scelta per guidare Latina sar\u00e0 un nome di alto profilo e di esperienza, che sapr\u00e0 rappresentare la citt\u00e0, con personalit\u00e0, credibilit\u00e0 e capacit\u00e0 politica di rinnovamento.<\/p>\n<p style=\"text-align: justify;\">Nell&#8217;attesa di individuare il miglior profilo, i coordinatori comunali e i capigruppo di Lega, Fratelli d&#8217;Italia e Forza Italia lavoreranno insieme mettendo a confronto le bozze dei singoli programmi elettorali elaborati da ciascun partito, individuando i punti comuni ed arrivando ad una sintesi che possa diventare patrimonio dell&#8217;intera coalizione.<\/p>\n<p style=\"text-align: justify;\">&#8220;Inizia oggi un percorso in cui Lega, Fratelli d&#8217;Italia e Forza Italia metteranno in campo ogni sforzo ed ogni risorsa, non solo per vincere le elezioni, ma per dare a Latina una guida forte con un programma di governo tale da restituire alla seconda citt\u00e0 del Lazio la grandezza che merita&#8221;.<\/p>\n","protected":false},"excerpt":{"rendered":"<p>LATINA &#8211; Si \u00e8 riunito nella giornata di oggi il tavolo del centrodestra per le elezioni amministrative di Latina. All&#8217;incontro erano presenti per la Lega l&#8217;on. Claudio Durigon, per Fratelli d\u2019Italia il coordinatore regionale on. Paolo Trancassini, per Forza Italia il coordinatore regionale sen. Claudio Fazzone. I presenti hanno convenuto che il centrodestra deve presentarsi [&hellip;]<\/p>\n","protected":false},"author":60,"featured_media":263706,"comment_status":"open","ping_status":"open","sticky":false,"template":"","format":"standard","meta":{"footnotes":""},"categories":[8],"tags":[],"class_list":["post-278759","post","type-post","status-publish","format-standard","has-post-thumbnail","hentry","category-politica"],"_links":{"self":[{"href":"https:\/\/www.radioluna.it\/news\/wp-json\/wp\/v2\/posts\/278759","targetHints":{"allow":["GET"]}}],"collection":[{"href":"https:\/\/www.radioluna.it\/news\/wp-json\/wp\/v2\/posts"}],"about":[{"href":"https:\/\/www.radioluna.it\/news\/wp-json\/wp\/v2\/types\/post"}],"author":[{"embeddable":true,"href":"https:\/\/www.radioluna.it\/news\/wp-json\/wp\/v2\/users\/60"}],"replies":[{"embeddable":true,"href":"https:\/\/www.radioluna.it\/news\/wp-json\/wp\/v2\/comments?post=278759"}],"version-history":[{"count":0,"href":"https:\/\/www.radioluna.it\/news\/wp-json\/wp\/v2\/posts\/278759\/revisions"}],"wp:featuredmedia":[{"embeddable":true,"href":"https:\/\/www.radioluna.it\/news\/wp-json\/wp\/v2\/media\/263706"}],"wp:attachment":[{"href":"https:\/\/www.radioluna.it\/news\/wp-json\/wp\/v2\/media?parent=278759"}],"wp:term":[{"taxonomy":"category","embeddable":true,"href":"https:\/\/www.radioluna.it\/news\/wp-json\/wp\/v2\/categories?post=278759"},{"taxonomy":"post_tag","embeddable":true,"href":"https:\/\/www.radioluna.it\/news\/wp-json\/wp\/v2\/tags?post=278759"}],"curies":[{"name":"wp","href":"https:\/\/api.w.org\/{rel}","templated":true}]}}